{"id":91505,"date":"2026-04-29T13:50:18","date_gmt":"2026-04-29T11:50:18","guid":{"rendered":"https:\/\/www.ehorses.de\/magazin\/?post_type=news&#038;p=91505"},"modified":"2026-04-29T13:50:40","modified_gmt":"2026-04-29T11:50:40","slug":"fataler-fehlschuss-jaeger-trifft-pferd-statt-wildschwein","status":"publish","type":"news","link":"https:\/\/www.ehorses.de\/magazin\/news\/fataler-fehlschuss-jaeger-trifft-pferd-statt-wildschwein\/","title":{"rendered":"Fataler Fehlschuss: J\u00e4ger trifft Pferd statt Wildschwein"},"content":{"rendered":"\t\t<div data-elementor-type=\"wp-post\" data-elementor-id=\"91505\" class=\"elementor elementor-91505\" data-elementor-post-type=\"news\">\n\t\t\t\t\t\t<section data-particle_enable=\"false\" data-particle-mobile-disabled=\"false\" class=\"penci-section penci-disSticky penci-structure-10 elementor-section elementor-top-section elementor-element elementor-element-0955e19 elementor-section-full_width elementor-section-height-default elementor-section-height-default\" data-id=\"0955e19\" data-element_type=\"section\" data-e-type=\"section\">\n\t\t\t\t\t\t<div class=\"elementor-container elementor-column-gap-default\">\n\t\t\t\t\t<div class=\"penci-ercol-100 penci-ercol-order-1 penci-sticky-ct    elementor-column elementor-col-100 elementor-top-column elementor-element elementor-element-4f6f5f1\" data-id=\"4f6f5f1\" data-element_type=\"column\" data-e-type=\"column\">\n\t\t\t<div class=\"elementor-widget-wrap elementor-element-populated\">\n\t\t\t\t\t\t<div class=\"elementor-element elementor-element-da02ffd elementor-widget elementor-widget-text-editor\" data-id=\"da02ffd\" data-element_type=\"widget\" data-e-type=\"widget\" data-widget_type=\"text-editor.default\">\n\t\t\t\t<div class=\"elementor-widget-container\">\n\t\t\t\t\t\t\t\t\t<p data-path-to-node=\"1\"><strong>Ein n\u00e4chtlicher Jagdausflug endete f\u00fcr ein unbeteiligtes Pferd t\u00f6dlich. Der Vorfall besch\u00e4ftigt nun das Amtsgericht Gelnhausen, da sich zwei M\u00e4nner wegen schwerer Jagdwilderei verantworten m\u00fcssen.<\/strong><\/p><p data-path-to-node=\"1\"><strong><\/strong><\/p>\t\t\t\t\t\t\t\t<\/div>\n\t\t\t\t<\/div>\n\t\t\t\t<div class=\"elementor-element elementor-element-9f2d5b8 elementor-widget elementor-widget-text-editor\" data-id=\"9f2d5b8\" data-element_type=\"widget\" data-e-type=\"widget\" data-widget_type=\"text-editor.default\">\n\t\t\t\t<div class=\"elementor-widget-container\">\n\t\t\t\t\t\t\t\t\t<p data-path-to-node=\"1\">Hinweis: Symbolbild wurde durch KI generiert zur Veranschaulichung.<\/p>\t\t\t\t\t\t\t\t<\/div>\n\t\t\t\t<\/div>\n\t\t\t\t<div class=\"elementor-element elementor-element-f652120 elementor-widget elementor-widget-text-editor\" data-id=\"f652120\" data-element_type=\"widget\" data-e-type=\"widget\" data-widget_type=\"text-editor.default\">\n\t\t\t\t<div class=\"elementor-widget-container\">\n\t\t\t\t\t\t\t\t\t<h2 data-path-to-node=\"2\">Der Vorfall im Detail<\/h2><p data-path-to-node=\"3\">Ein 46-j\u00e4hriger J\u00e4ger war gemeinsam mit einem 58-j\u00e4hrigen Jagdp\u00e4chter in einem Gebiet im <strong>Altkreis Schl\u00fcchtern<\/strong> unterwegs. Der Sch\u00fctze nutzte eine W\u00e4rmebildkamera, um Schwarzwild aufzusp\u00fcren. In dem Glauben, Wildschweine vor sich zu haben, gab er <strong>zwei Sch\u00fcsse<\/strong> ab. Erst bei einer Nachsuche am n\u00e4chsten Morgen entdeckte das Duo auf einer nahen Koppel ein <strong>Pferd<\/strong>, das deutliche Verletzungen aufwies. Das Tier musste aufgrund der Schwere des Treffers<strong> eingeschl\u00e4fert<\/strong> werden.<\/p>\t\t\t\t\t\t\t\t<\/div>\n\t\t\t\t<\/div>\n\t\t\t\t<div class=\"elementor-element elementor-element-fa71b67 elementor-widget elementor-widget-text-editor\" data-id=\"fa71b67\" data-element_type=\"widget\" data-e-type=\"widget\" data-widget_type=\"text-editor.default\">\n\t\t\t\t<div class=\"elementor-widget-container\">\n\t\t\t\t\t\t\t\t\t<h2 data-path-to-node=\"4\">Verhandlung vor dem Amtsgericht<\/h2><p data-path-to-node=\"5\">Die juristische Aufarbeitung des Vorfalls ist komplex. W\u00e4hrend die Verteidigung von einem tragischen Unfall spricht und den Vorwurf der Jagdwilderei zur\u00fcckweist, wirft ein weiterer Jagdp\u00e4chte<strong>r Fragen zur<\/strong> <strong>Erlaubnis des Jagdgastes<\/strong> auf. Der J\u00e4ger selbst bezeichnet den Vorfall als &#8220;hochnotpeinlich&#8221; und betonte, das Tier nicht vors\u00e4tzlich getroffen zu haben. Da die Staatsanwaltschaft eine Einstellung des Verfahrens ablehnte, wird die Verhandlung mit <strong>weiteren Zeugenaussagen<\/strong> fortgesetzt.<\/p>\t\t\t\t\t\t\t\t<\/div>\n\t\t\t\t<\/div>\n\t\t\t\t<div class=\"elementor-element elementor-element-bb2c083 elementor-widget elementor-widget-text-editor\" data-id=\"bb2c083\" data-element_type=\"widget\" data-e-type=\"widget\" data-widget_type=\"text-editor.default\">\n\t\t\t\t<div class=\"elementor-widget-container\">\n\t\t\t\t\t\t\t\t\t<p data-path-to-node=\"4\"><strong>Quelle<\/strong>: <a href=\"https:\/\/www.fuldaerzeitung.de\/kinzigtal\/maenner-wegen-jagdwilderei-angeklagt-pferd-stirbt-nach-schuss-94282867.html\" target=\"_blank\" rel=\"noopener\">www.www.fuldaerzeitung.de<\/a><\/p>\t\t\t\t\t\t\t\t<\/div>\n\t\t\t\t<\/div>\n\t\t\t\t\t<\/div>\n\t\t<\/div>\n\t\t\t\t\t<\/div>\n\t\t<\/section>\n\t\t\t\t<\/div>\n\t\t","protected":false},"excerpt":{"rendered":"<p>Ein n\u00e4chtlicher Jagdausflug endete f\u00fcr ein unbeteiligtes Pferd t\u00f6dlich. Der Vorfall besch\u00e4ftigt nun das Amtsgericht&hellip;<\/p>\n","protected":false},"author":129,"featured_media":91510,"menu_order":0,"comment_status":"open","ping_status":"closed","template":"","format":"standard","meta":{"_lmt_disableupdate":"","_lmt_disable":"","footnotes":""},"categories":[46],"tags":[],"class_list":["post-91505","news","type-news","status-publish","format-standard","has-post-thumbnail","hentry","category-news"],"_oembed_6e2261a90c0f61b3f6e5cbf5248ae69a":null,"_oembed_d83ed97665bbfe5cbf2a5acd0571bfe8":null,"_oembed_879340bd3c064234a240bcda2f369c23":null,"_oembed_519616b8842fb308e7a3039c04f55a79":null,"yoast_head":"<!-- This site is optimized with the Yoast SEO plugin v27.5 - https:\/\/yoast.com\/product\/yoast-seo-wordpress\/ -->\n<title>Fataler Fehlschuss: J\u00e4ger trifft Pferd statt Wildschwein<\/title>\n<meta name=\"description\" content=\"Nach einem t\u00f6dlichen Fehlschuss auf ein Pferd stehen zwei J\u00e4ger vor Gericht. Jetzt mehr erfahren im ehorses Magazin!\" \/>\n<meta name=\"robots\" content=\"index, follow, max-snippet:-1, max-image-preview:large, max-video-preview:-1\" \/>\n<link rel=\"canonical\" href=\"https:\/\/www.ehorses.de\/magazin\/news\/fataler-fehlschuss-jaeger-trifft-pferd-statt-wildschwein\/\" \/>\n<meta property=\"og:locale\" content=\"de_DE\" \/>\n<meta property=\"og:type\" content=\"article\" \/>\n<meta property=\"og:title\" content=\"Fataler Fehlschuss: J\u00e4ger trifft Pferd statt Wildschwein\" \/>\n<meta property=\"og:description\" content=\"Nach einem t\u00f6dlichen Fehlschuss auf ein Pferd stehen zwei J\u00e4ger vor Gericht. Jetzt mehr erfahren im ehorses Magazin!\" \/>\n<meta property=\"og:url\" content=\"https:\/\/www.ehorses.de\/magazin\/news\/fataler-fehlschuss-jaeger-trifft-pferd-statt-wildschwein\/\" \/>\n<meta property=\"og:site_name\" content=\"ehorses Magazin\" \/>\n<meta property=\"article:modified_time\" content=\"2026-04-29T11:50:40+00:00\" \/>\n<meta property=\"og:image\" content=\"https:\/\/www.ehorses.de\/magazin\/wp-content\/uploads\/jaeger-erschiesst-pferd.webp\" \/>\n\t<meta property=\"og:image:width\" content=\"1200\" \/>\n\t<meta property=\"og:image:height\" content=\"800\" \/>\n\t<meta property=\"og:image:type\" content=\"image\/webp\" \/>\n<meta name=\"twitter:card\" content=\"summary_large_image\" \/>\n<meta name=\"twitter:label1\" content=\"Gesch\u00e4tzte Lesezeit\" \/>\n\t<meta name=\"twitter:data1\" content=\"1\u00a0Minute\" \/>\n<script type=\"application\/ld+json\" class=\"yoast-schema-graph\">{\"@context\":\"https:\\\/\\\/schema.org\",\"@graph\":[{\"@type\":\"NewsArticle\",\"@id\":\"https:\\\/\\\/www.ehorses.de\\\/magazin\\\/news\\\/fataler-fehlschuss-jaeger-trifft-pferd-statt-wildschwein\\\/#article\",\"isPartOf\":{\"@id\":\"https:\\\/\\\/www.ehorses.de\\\/magazin\\\/news\\\/fataler-fehlschuss-jaeger-trifft-pferd-statt-wildschwein\\\/\"},\"author\":{\"name\":\"Michelle Breitenfeld\",\"@id\":\"https:\\\/\\\/www.ehorses.de\\\/magazin\\\/#\\\/schema\\\/person\\\/ad08037b444745a402f0adaff6abc3be\"},\"headline\":\"Fataler Fehlschuss: J\u00e4ger trifft Pferd statt Wildschwein\",\"datePublished\":\"2026-04-29T11:50:18+00:00\",\"dateModified\":\"2026-04-29T11:50:40+00:00\",\"mainEntityOfPage\":{\"@id\":\"https:\\\/\\\/www.ehorses.de\\\/magazin\\\/news\\\/fataler-fehlschuss-jaeger-trifft-pferd-statt-wildschwein\\\/\"},\"wordCount\":207,\"commentCount\":0,\"image\":{\"@id\":\"https:\\\/\\\/www.ehorses.de\\\/magazin\\\/news\\\/fataler-fehlschuss-jaeger-trifft-pferd-statt-wildschwein\\\/#primaryimage\"},\"thumbnailUrl\":\"https:\\\/\\\/www.ehorses.de\\\/magazin\\\/wp-content\\\/uploads\\\/jaeger-erschiesst-pferd.webp\",\"articleSection\":[\"News\"],\"inLanguage\":\"de\",\"potentialAction\":[{\"@type\":\"CommentAction\",\"name\":\"Comment\",\"target\":[\"https:\\\/\\\/www.ehorses.de\\\/magazin\\\/news\\\/fataler-fehlschuss-jaeger-trifft-pferd-statt-wildschwein\\\/#respond\"]}]},{\"@type\":\"WebPage\",\"@id\":\"https:\\\/\\\/www.ehorses.de\\\/magazin\\\/news\\\/fataler-fehlschuss-jaeger-trifft-pferd-statt-wildschwein\\\/\",\"url\":\"https:\\\/\\\/www.ehorses.de\\\/magazin\\\/news\\\/fataler-fehlschuss-jaeger-trifft-pferd-statt-wildschwein\\\/\",\"name\":\"Fataler Fehlschuss: J\u00e4ger trifft Pferd statt Wildschwein\",\"isPartOf\":{\"@id\":\"https:\\\/\\\/www.ehorses.de\\\/magazin\\\/#website\"},\"primaryImageOfPage\":{\"@id\":\"https:\\\/\\\/www.ehorses.de\\\/magazin\\\/news\\\/fataler-fehlschuss-jaeger-trifft-pferd-statt-wildschwein\\\/#primaryimage\"},\"image\":{\"@id\":\"https:\\\/\\\/www.ehorses.de\\\/magazin\\\/news\\\/fataler-fehlschuss-jaeger-trifft-pferd-statt-wildschwein\\\/#primaryimage\"},\"thumbnailUrl\":\"https:\\\/\\\/www.ehorses.de\\\/magazin\\\/wp-content\\\/uploads\\\/jaeger-erschiesst-pferd.webp\",\"datePublished\":\"2026-04-29T11:50:18+00:00\",\"dateModified\":\"2026-04-29T11:50:40+00:00\",\"description\":\"Nach einem t\u00f6dlichen Fehlschuss auf ein Pferd stehen zwei J\u00e4ger vor Gericht. Jetzt mehr erfahren im ehorses Magazin!\",\"breadcrumb\":{\"@id\":\"https:\\\/\\\/www.ehorses.de\\\/magazin\\\/news\\\/fataler-fehlschuss-jaeger-trifft-pferd-statt-wildschwein\\\/#breadcrumb\"},\"inLanguage\":\"de\",\"potentialAction\":[{\"@type\":\"ReadAction\",\"target\":[\"https:\\\/\\\/www.ehorses.de\\\/magazin\\\/news\\\/fataler-fehlschuss-jaeger-trifft-pferd-statt-wildschwein\\\/\"]}]},{\"@type\":\"ImageObject\",\"inLanguage\":\"de\",\"@id\":\"https:\\\/\\\/www.ehorses.de\\\/magazin\\\/news\\\/fataler-fehlschuss-jaeger-trifft-pferd-statt-wildschwein\\\/#primaryimage\",\"url\":\"https:\\\/\\\/www.ehorses.de\\\/magazin\\\/wp-content\\\/uploads\\\/jaeger-erschiesst-pferd.webp\",\"contentUrl\":\"https:\\\/\\\/www.ehorses.de\\\/magazin\\\/wp-content\\\/uploads\\\/jaeger-erschiesst-pferd.webp\",\"width\":1200,\"height\":800,\"caption\":\"Zwei J\u00e4ger in Outdoor Kleidung gehen auf einem mit Herbstlaub bedeckten Waldweg vom Betrachter weg in den Wald hinein. Im Hintergrund ist auf einer leicht verschwommenen Lichtung eine Pferdeherde zu sehen. Im Vordergrund steht ein Baumstumpf.\"},{\"@type\":\"BreadcrumbList\",\"@id\":\"https:\\\/\\\/www.ehorses.de\\\/magazin\\\/news\\\/fataler-fehlschuss-jaeger-trifft-pferd-statt-wildschwein\\\/#breadcrumb\",\"itemListElement\":[{\"@type\":\"ListItem\",\"position\":1,\"name\":\"Startseite\",\"item\":\"https:\\\/\\\/www.ehorses.de\\\/magazin\\\/\"},{\"@type\":\"ListItem\",\"position\":2,\"name\":\"Fataler Fehlschuss: J\u00e4ger trifft Pferd statt Wildschwein\"}]},{\"@type\":\"WebSite\",\"@id\":\"https:\\\/\\\/www.ehorses.de\\\/magazin\\\/#website\",\"url\":\"https:\\\/\\\/www.ehorses.de\\\/magazin\\\/\",\"name\":\"ehorses Magazin\",\"description\":\"\",\"potentialAction\":[{\"@type\":\"SearchAction\",\"target\":{\"@type\":\"EntryPoint\",\"urlTemplate\":\"https:\\\/\\\/www.ehorses.de\\\/magazin\\\/?s={search_term_string}\"},\"query-input\":{\"@type\":\"PropertyValueSpecification\",\"valueRequired\":true,\"valueName\":\"search_term_string\"}}],\"inLanguage\":\"de\"},{\"@type\":\"Person\",\"@id\":\"https:\\\/\\\/www.ehorses.de\\\/magazin\\\/#\\\/schema\\\/person\\\/ad08037b444745a402f0adaff6abc3be\",\"name\":\"Michelle Breitenfeld\",\"image\":{\"@type\":\"ImageObject\",\"inLanguage\":\"de\",\"@id\":\"https:\\\/\\\/www.ehorses.de\\\/magazin\\\/wp-content\\\/uploads\\\/MichelleBreitenfeld-Kopie-96x96.jpg\",\"url\":\"https:\\\/\\\/www.ehorses.de\\\/magazin\\\/wp-content\\\/uploads\\\/MichelleBreitenfeld-Kopie-96x96.jpg\",\"contentUrl\":\"https:\\\/\\\/www.ehorses.de\\\/magazin\\\/wp-content\\\/uploads\\\/MichelleBreitenfeld-Kopie-96x96.jpg\",\"caption\":\"Michelle Breitenfeld\"},\"description\":\"Michelle Breitenfeld arbeitet nach Ihrem Studium im Bereich Medienwirtschaft und Journalismus im Marketing f\u00fcr ehorses. Als Expertin f\u00fcr Pferde bekommst Du von ihr exklusive Branchen-News und Ratgeber Themen rund ums Thema Pferd. Du kannst sie unter m.breitenfeld@ehorses.de erreichen.\",\"url\":\"https:\\\/\\\/www.ehorses.de\\\/magazin\\\/author\\\/michelle-breitenfeld\\\/\"}]}<\/script>\n<!-- \/ Yoast SEO plugin. -->","yoast_head_json":{"title":"Fataler Fehlschuss: J\u00e4ger trifft Pferd statt Wildschwein","description":"Nach einem t\u00f6dlichen Fehlschuss auf ein Pferd stehen zwei J\u00e4ger vor Gericht. Jetzt mehr erfahren im ehorses Magazin!","robots":{"index":"index","follow":"follow","max-snippet":"max-snippet:-1","max-image-preview":"max-image-preview:large","max-video-preview":"max-video-preview:-1"},"canonical":"https:\/\/www.ehorses.de\/magazin\/news\/fataler-fehlschuss-jaeger-trifft-pferd-statt-wildschwein\/","og_locale":"de_DE","og_type":"article","og_title":"Fataler Fehlschuss: J\u00e4ger trifft Pferd statt Wildschwein","og_description":"Nach einem t\u00f6dlichen Fehlschuss auf ein Pferd stehen zwei J\u00e4ger vor Gericht. Jetzt mehr erfahren im ehorses Magazin!","og_url":"https:\/\/www.ehorses.de\/magazin\/news\/fataler-fehlschuss-jaeger-trifft-pferd-statt-wildschwein\/","og_site_name":"ehorses Magazin","article_modified_time":"2026-04-29T11:50:40+00:00","og_image":[{"width":1200,"height":800,"url":"https:\/\/www.ehorses.de\/magazin\/wp-content\/uploads\/jaeger-erschiesst-pferd.webp","type":"image\/webp"}],"twitter_card":"summary_large_image","twitter_misc":{"Gesch\u00e4tzte Lesezeit":"1\u00a0Minute"},"schema":{"@context":"https:\/\/schema.org","@graph":[{"@type":"NewsArticle","@id":"https:\/\/www.ehorses.de\/magazin\/news\/fataler-fehlschuss-jaeger-trifft-pferd-statt-wildschwein\/#article","isPartOf":{"@id":"https:\/\/www.ehorses.de\/magazin\/news\/fataler-fehlschuss-jaeger-trifft-pferd-statt-wildschwein\/"},"author":{"name":"Michelle Breitenfeld","@id":"https:\/\/www.ehorses.de\/magazin\/#\/schema\/person\/ad08037b444745a402f0adaff6abc3be"},"headline":"Fataler Fehlschuss: J\u00e4ger trifft Pferd statt Wildschwein","datePublished":"2026-04-29T11:50:18+00:00","dateModified":"2026-04-29T11:50:40+00:00","mainEntityOfPage":{"@id":"https:\/\/www.ehorses.de\/magazin\/news\/fataler-fehlschuss-jaeger-trifft-pferd-statt-wildschwein\/"},"wordCount":207,"commentCount":0,"image":{"@id":"https:\/\/www.ehorses.de\/magazin\/news\/fataler-fehlschuss-jaeger-trifft-pferd-statt-wildschwein\/#primaryimage"},"thumbnailUrl":"https:\/\/www.ehorses.de\/magazin\/wp-content\/uploads\/jaeger-erschiesst-pferd.webp","articleSection":["News"],"inLanguage":"de","potentialAction":[{"@type":"CommentAction","name":"Comment","target":["https:\/\/www.ehorses.de\/magazin\/news\/fataler-fehlschuss-jaeger-trifft-pferd-statt-wildschwein\/#respond"]}]},{"@type":"WebPage","@id":"https:\/\/www.ehorses.de\/magazin\/news\/fataler-fehlschuss-jaeger-trifft-pferd-statt-wildschwein\/","url":"https:\/\/www.ehorses.de\/magazin\/news\/fataler-fehlschuss-jaeger-trifft-pferd-statt-wildschwein\/","name":"Fataler Fehlschuss: J\u00e4ger trifft Pferd statt Wildschwein","isPartOf":{"@id":"https:\/\/www.ehorses.de\/magazin\/#website"},"primaryImageOfPage":{"@id":"https:\/\/www.ehorses.de\/magazin\/news\/fataler-fehlschuss-jaeger-trifft-pferd-statt-wildschwein\/#primaryimage"},"image":{"@id":"https:\/\/www.ehorses.de\/magazin\/news\/fataler-fehlschuss-jaeger-trifft-pferd-statt-wildschwein\/#primaryimage"},"thumbnailUrl":"https:\/\/www.ehorses.de\/magazin\/wp-content\/uploads\/jaeger-erschiesst-pferd.webp","datePublished":"2026-04-29T11:50:18+00:00","dateModified":"2026-04-29T11:50:40+00:00","description":"Nach einem t\u00f6dlichen Fehlschuss auf ein Pferd stehen zwei J\u00e4ger vor Gericht. Jetzt mehr erfahren im ehorses Magazin!","breadcrumb":{"@id":"https:\/\/www.ehorses.de\/magazin\/news\/fataler-fehlschuss-jaeger-trifft-pferd-statt-wildschwein\/#breadcrumb"},"inLanguage":"de","potentialAction":[{"@type":"ReadAction","target":["https:\/\/www.ehorses.de\/magazin\/news\/fataler-fehlschuss-jaeger-trifft-pferd-statt-wildschwein\/"]}]},{"@type":"ImageObject","inLanguage":"de","@id":"https:\/\/www.ehorses.de\/magazin\/news\/fataler-fehlschuss-jaeger-trifft-pferd-statt-wildschwein\/#primaryimage","url":"https:\/\/www.ehorses.de\/magazin\/wp-content\/uploads\/jaeger-erschiesst-pferd.webp","contentUrl":"https:\/\/www.ehorses.de\/magazin\/wp-content\/uploads\/jaeger-erschiesst-pferd.webp","width":1200,"height":800,"caption":"Zwei J\u00e4ger in Outdoor Kleidung gehen auf einem mit Herbstlaub bedeckten Waldweg vom Betrachter weg in den Wald hinein. Im Hintergrund ist auf einer leicht verschwommenen Lichtung eine Pferdeherde zu sehen. Im Vordergrund steht ein Baumstumpf."},{"@type":"BreadcrumbList","@id":"https:\/\/www.ehorses.de\/magazin\/news\/fataler-fehlschuss-jaeger-trifft-pferd-statt-wildschwein\/#breadcrumb","itemListElement":[{"@type":"ListItem","position":1,"name":"Startseite","item":"https:\/\/www.ehorses.de\/magazin\/"},{"@type":"ListItem","position":2,"name":"Fataler Fehlschuss: J\u00e4ger trifft Pferd statt Wildschwein"}]},{"@type":"WebSite","@id":"https:\/\/www.ehorses.de\/magazin\/#website","url":"https:\/\/www.ehorses.de\/magazin\/","name":"ehorses Magazin","description":"","potentialAction":[{"@type":"SearchAction","target":{"@type":"EntryPoint","urlTemplate":"https:\/\/www.ehorses.de\/magazin\/?s={search_term_string}"},"query-input":{"@type":"PropertyValueSpecification","valueRequired":true,"valueName":"search_term_string"}}],"inLanguage":"de"},{"@type":"Person","@id":"https:\/\/www.ehorses.de\/magazin\/#\/schema\/person\/ad08037b444745a402f0adaff6abc3be","name":"Michelle Breitenfeld","image":{"@type":"ImageObject","inLanguage":"de","@id":"https:\/\/www.ehorses.de\/magazin\/wp-content\/uploads\/MichelleBreitenfeld-Kopie-96x96.jpg","url":"https:\/\/www.ehorses.de\/magazin\/wp-content\/uploads\/MichelleBreitenfeld-Kopie-96x96.jpg","contentUrl":"https:\/\/www.ehorses.de\/magazin\/wp-content\/uploads\/MichelleBreitenfeld-Kopie-96x96.jpg","caption":"Michelle Breitenfeld"},"description":"Michelle Breitenfeld arbeitet nach Ihrem Studium im Bereich Medienwirtschaft und Journalismus im Marketing f\u00fcr ehorses. Als Expertin f\u00fcr Pferde bekommst Du von ihr exklusive Branchen-News und Ratgeber Themen rund ums Thema Pferd. Du kannst sie unter m.breitenfeld@ehorses.de erreichen.","url":"https:\/\/www.ehorses.de\/magazin\/author\/michelle-breitenfeld\/"}]}},"_links":{"self":[{"href":"https:\/\/www.ehorses.de\/magazin\/wp-json\/wp\/v2\/news\/91505","targetHints":{"allow":["GET"]}}],"collection":[{"href":"https:\/\/www.ehorses.de\/magazin\/wp-json\/wp\/v2\/news"}],"about":[{"href":"https:\/\/www.ehorses.de\/magazin\/wp-json\/wp\/v2\/types\/news"}],"author":[{"embeddable":true,"href":"https:\/\/www.ehorses.de\/magazin\/wp-json\/wp\/v2\/users\/129"}],"replies":[{"embeddable":true,"href":"https:\/\/www.ehorses.de\/magazin\/wp-json\/wp\/v2\/comments?post=91505"}],"version-history":[{"count":0,"href":"https:\/\/www.ehorses.de\/magazin\/wp-json\/wp\/v2\/news\/91505\/revisions"}],"wp:featuredmedia":[{"embeddable":true,"href":"https:\/\/www.ehorses.de\/magazin\/wp-json\/wp\/v2\/media\/91510"}],"wp:attachment":[{"href":"https:\/\/www.ehorses.de\/magazin\/wp-json\/wp\/v2\/media?parent=91505"}],"wp:term":[{"taxonomy":"category","embeddable":true,"href":"https:\/\/www.ehorses.de\/magazin\/wp-json\/wp\/v2\/categories?post=91505"},{"taxonomy":"post_tag","embeddable":true,"href":"https:\/\/www.ehorses.de\/magazin\/wp-json\/wp\/v2\/tags?post=91505"}],"curies":[{"name":"wp","href":"https:\/\/api.w.org\/{rel}","templated":true}]}}