{"id":95661,"date":"2026-09-03T13:31:05","date_gmt":"2026-09-03T11:31:05","guid":{"rendered":"https:\/\/www.ehorses.de\/magazin\/?post_type=news&#038;p=95661"},"modified":"2026-09-03T13:31:09","modified_gmt":"2026-09-03T11:31:09","slug":"grosse-veraenderung-fuer-frederic-wandres-und-lars-ligus","status":"publish","type":"news","link":"https:\/\/www.ehorses.de\/magazin\/news\/grosse-veraenderung-fuer-frederic-wandres-und-lars-ligus\/","title":{"rendered":"Gro\u00dfe Ver\u00e4nderung f\u00fcr Frederic Wandres und Lars Ligus"},"content":{"rendered":"\t\t<div data-elementor-type=\"wp-post\" data-elementor-id=\"95661\" class=\"elementor elementor-95661\" data-elementor-post-type=\"news\">\n\t\t\t\t\t\t<section data-particle_enable=\"false\" data-particle-mobile-disabled=\"false\" class=\"penci-section penci-disSticky penci-structure-10 elementor-section elementor-top-section elementor-element elementor-element-42e302f elementor-section-full_width elementor-section-height-default elementor-section-height-default\" data-id=\"42e302f\" data-element_type=\"section\" data-e-type=\"section\">\n\t\t\t\t\t\t<div class=\"elementor-container elementor-column-gap-default\">\n\t\t\t\t\t<div class=\"penci-ercol-100 penci-ercol-order-1 penci-sticky-ct    elementor-column elementor-col-100 elementor-top-column elementor-element elementor-element-7ceea93\" data-id=\"7ceea93\" data-element_type=\"column\" data-e-type=\"column\">\n\t\t\t<div class=\"elementor-widget-wrap elementor-element-populated\">\n\t\t\t\t\t\t<div class=\"elementor-element elementor-element-8dc1629 elementor-widget elementor-widget-html\" data-id=\"8dc1629\" data-element_type=\"widget\" data-e-type=\"widget\" data-widget_type=\"html.default\">\n\t\t\t\t<div class=\"elementor-widget-container\">\n\t\t\t\t\t<div class=\"ep-partner-teaser\">\r\n\r\n  <p class=\"ep-kicker\">Partner-Beitrag \u00b7 <b>Equi Pages<\/b><\/p>\r\n\r\n  <div class=\"ep-gate\">\r\n    <p class=\"ep-lead\">Frederic Wandres macht sich zusammen mit seinem Partner Lars Ligus selbstst\u00e4ndig und verl\u00e4sst den Hof Kasselmann.<\/p>\r\n    <div class=\"ep-body\">\r\n      <p>Der Hof Kasselmann hat die Nachricht soeben ver\u00f6ffentlicht, dass Frederic Wandres und Lars Ligus ihre langj\u00e4hrige T\u00e4tigkeit in Hagen beenden und ab dem 1. Januar 2027 eine neue Wirkst\u00e4tte haben. Das wird das Gut Einhaus in Herzlake sein. Dort wollen die beiden zusammen einen Ausbildungs- und Trainingsstall aufbauen.<\/p>\r\n    <\/div>\r\n    <div class=\"ep-card\">\r\n      <p class=\"ep-card__title\">Den ganzen Artikel auf Equi Pages lesen<\/p>\r\n      <p class=\"ep-card__text\">Dieser Beitrag ist ein Auszug.\r\n        <span class=\"ep-card__cta\">Den vollst\u00e4ndigen Artikel liest du kostenlos bei unserem Partner Equi Pages.<\/span><\/p>\r\n\r\n      <a class=\"ep-btn\"\r\n         href=\"https:\/\/equi-pages.de\/news\/szene-neuigkeiten\/grosse-veraenderung-fuer-frederic-wandres-und-lars-ligus\/\"\r\n         target=\"_blank\" rel=\"sponsored noopener\">\r\n        Vollst\u00e4ndigen Artikel lesen\r\n        <svg width=\"18\" height=\"18\" viewBox=\"0 0 24 24\" fill=\"none\"\r\n             stroke=\"currentColor\" stroke-width=\"2.4\" stroke-linecap=\"round\"\r\n             stroke-linejoin=\"round\" aria-hidden=\"true\">\r\n          <path d=\"M5 12h14M13 6l6 6-6 6\"\/>\r\n        <\/svg>\r\n      <\/a>\r\n\r\n      <a class=\"ep-source\"\r\n         href=\"https:\/\/equi-pages.de\/news\/szene-neuigkeiten\/grosse-veraenderung-fuer-frederic-wandres-und-lars-ligus\/\"\r\n         target=\"_blank\" rel=\"sponsored noopener\">\r\n        Quelle: <b>Equi Pages<\/b> \u00b7 Dominique Wehrmann \u00b7 02.09.2026\r\n      <\/a>\r\n    <\/div>\r\n  <\/div>\r\n\r\n<\/div>\t\t\t\t<\/div>\n\t\t\t\t<\/div>\n\t\t\t\t\t<\/div>\n\t\t<\/div>\n\t\t\t\t\t<\/div>\n\t\t<\/section>\n\t\t\t\t<\/div>\n\t\t","protected":false},"excerpt":{"rendered":"<p>Partner-Beitrag \u00b7 Equi Pages Frederic Wandres macht sich zusammen mit seinem Partner Lars Ligus selbstst\u00e4ndig&hellip;<\/p>\n","protected":false},"author":186,"featured_media":95663,"menu_order":0,"comment_status":"open","ping_status":"closed","template":"","format":"standard","meta":{"_lmt_disableupdate":"","_lmt_disable":"","footnotes":"","_members_access_role":[],"_members_access_error":""},"categories":[46],"tags":[],"class_list":["post-95661","news","type-news","status-publish","format-standard","has-post-thumbnail","hentry","category-news"],"_oembed_6e2261a90c0f61b3f6e5cbf5248ae69a":null,"_oembed_d83ed97665bbfe5cbf2a5acd0571bfe8":null,"_oembed_879340bd3c064234a240bcda2f369c23":null,"_oembed_519616b8842fb308e7a3039c04f55a79":null,"yoast_head":"<!-- This site is optimized with the Yoast SEO plugin v28.4 - https:\/\/yoast.com\/product\/yoast-seo-wordpress\/ -->\n<title>Gro\u00dfe Ver\u00e4nderung f\u00fcr Frederic Wandres und Lars Ligus<\/title>\n<meta name=\"description\" content=\"Frederic Wandres und Lars Ligus verlassen Hof Kasselmann und machen sich auf Gut Einhaus selbstst\u00e4ndig \u25ba Jetzt mehr erfahren!\" \/>\n<meta name=\"robots\" content=\"index, follow, max-snippet:-1, max-image-preview:large, max-video-preview:-1\" \/>\n<link rel=\"canonical\" href=\"https:\/\/www.ehorses.de\/magazin\/news\/grosse-veraenderung-fuer-frederic-wandres-und-lars-ligus\/\" \/>\n<meta property=\"og:locale\" content=\"de_DE\" \/>\n<meta property=\"og:type\" content=\"article\" \/>\n<meta property=\"og:title\" content=\"Gro\u00dfe Ver\u00e4nderung f\u00fcr Frederic Wandres und Lars Ligus\" \/>\n<meta property=\"og:description\" content=\"Frederic Wandres und Lars Ligus verlassen Hof Kasselmann und machen sich auf Gut Einhaus selbstst\u00e4ndig \u25ba Jetzt mehr erfahren!\" \/>\n<meta property=\"og:url\" content=\"https:\/\/www.ehorses.de\/magazin\/news\/grosse-veraenderung-fuer-frederic-wandres-und-lars-ligus\/\" \/>\n<meta property=\"og:site_name\" content=\"ehorses Magazin\" \/>\n<meta property=\"article:modified_time\" content=\"2026-09-03T11:31:09+00:00\" \/>\n<meta property=\"og:image\" content=\"https:\/\/www.ehorses.de\/magazin\/wp-content\/uploads\/frederic-wandres-mit-lars-ligus.webp\" \/>\n\t<meta property=\"og:image:width\" content=\"1200\" \/>\n\t<meta property=\"og:image:height\" content=\"800\" \/>\n\t<meta property=\"og:image:type\" content=\"image\/webp\" \/>\n<meta name=\"twitter:card\" content=\"summary_large_image\" \/>\n<meta name=\"twitter:label1\" content=\"Gesch\u00e4tzte Lesezeit\" \/>\n\t<meta name=\"twitter:data1\" content=\"1\u00a0Minute\" \/>\n<script type=\"application\/ld+json\" class=\"yoast-schema-graph\">{\"@context\":\"https:\\\/\\\/schema.org\",\"@graph\":[{\"@type\":\"NewsArticle\",\"@id\":\"https:\\\/\\\/www.ehorses.de\\\/magazin\\\/news\\\/grosse-veraenderung-fuer-frederic-wandres-und-lars-ligus\\\/#article\",\"isPartOf\":{\"@id\":\"https:\\\/\\\/www.ehorses.de\\\/magazin\\\/news\\\/grosse-veraenderung-fuer-frederic-wandres-und-lars-ligus\\\/\"},\"author\":{\"name\":\"Dominique Wehrmann\",\"@id\":\"https:\\\/\\\/www.ehorses.de\\\/magazin\\\/#\\\/schema\\\/person\\\/6c2b63bd4eb674ff50203c800f355d3b\"},\"headline\":\"Gro\u00dfe Ver\u00e4nderung f\u00fcr Frederic Wandres und Lars Ligus\",\"datePublished\":\"2026-09-03T11:31:05+00:00\",\"dateModified\":\"2026-09-03T11:31:09+00:00\",\"mainEntityOfPage\":{\"@id\":\"https:\\\/\\\/www.ehorses.de\\\/magazin\\\/news\\\/grosse-veraenderung-fuer-frederic-wandres-und-lars-ligus\\\/\"},\"wordCount\":115,\"commentCount\":0,\"image\":{\"@id\":\"https:\\\/\\\/www.ehorses.de\\\/magazin\\\/news\\\/grosse-veraenderung-fuer-frederic-wandres-und-lars-ligus\\\/#primaryimage\"},\"thumbnailUrl\":\"https:\\\/\\\/www.ehorses.de\\\/magazin\\\/wp-content\\\/uploads\\\/frederic-wandres-mit-lars-ligus.webp\",\"articleSection\":[\"News\"],\"inLanguage\":\"de\",\"potentialAction\":[{\"@type\":\"CommentAction\",\"name\":\"Comment\",\"target\":[\"https:\\\/\\\/www.ehorses.de\\\/magazin\\\/news\\\/grosse-veraenderung-fuer-frederic-wandres-und-lars-ligus\\\/#respond\"]}]},{\"@type\":\"WebPage\",\"@id\":\"https:\\\/\\\/www.ehorses.de\\\/magazin\\\/news\\\/grosse-veraenderung-fuer-frederic-wandres-und-lars-ligus\\\/\",\"url\":\"https:\\\/\\\/www.ehorses.de\\\/magazin\\\/news\\\/grosse-veraenderung-fuer-frederic-wandres-und-lars-ligus\\\/\",\"name\":\"Gro\u00dfe Ver\u00e4nderung f\u00fcr Frederic Wandres und Lars Ligus\",\"isPartOf\":{\"@id\":\"https:\\\/\\\/www.ehorses.de\\\/magazin\\\/#website\"},\"primaryImageOfPage\":{\"@id\":\"https:\\\/\\\/www.ehorses.de\\\/magazin\\\/news\\\/grosse-veraenderung-fuer-frederic-wandres-und-lars-ligus\\\/#primaryimage\"},\"image\":{\"@id\":\"https:\\\/\\\/www.ehorses.de\\\/magazin\\\/news\\\/grosse-veraenderung-fuer-frederic-wandres-und-lars-ligus\\\/#primaryimage\"},\"thumbnailUrl\":\"https:\\\/\\\/www.ehorses.de\\\/magazin\\\/wp-content\\\/uploads\\\/frederic-wandres-mit-lars-ligus.webp\",\"datePublished\":\"2026-09-03T11:31:05+00:00\",\"dateModified\":\"2026-09-03T11:31:09+00:00\",\"description\":\"Frederic Wandres und Lars Ligus verlassen Hof Kasselmann und machen sich auf Gut Einhaus selbstst\u00e4ndig \u25ba Jetzt mehr erfahren!\",\"breadcrumb\":{\"@id\":\"https:\\\/\\\/www.ehorses.de\\\/magazin\\\/news\\\/grosse-veraenderung-fuer-frederic-wandres-und-lars-ligus\\\/#breadcrumb\"},\"inLanguage\":\"de\",\"potentialAction\":[{\"@type\":\"ReadAction\",\"target\":[\"https:\\\/\\\/www.ehorses.de\\\/magazin\\\/news\\\/grosse-veraenderung-fuer-frederic-wandres-und-lars-ligus\\\/\"]}]},{\"@type\":\"ImageObject\",\"inLanguage\":\"de\",\"@id\":\"https:\\\/\\\/www.ehorses.de\\\/magazin\\\/news\\\/grosse-veraenderung-fuer-frederic-wandres-und-lars-ligus\\\/#primaryimage\",\"url\":\"https:\\\/\\\/www.ehorses.de\\\/magazin\\\/wp-content\\\/uploads\\\/frederic-wandres-mit-lars-ligus.webp\",\"contentUrl\":\"https:\\\/\\\/www.ehorses.de\\\/magazin\\\/wp-content\\\/uploads\\\/frederic-wandres-mit-lars-ligus.webp\",\"width\":1200,\"height\":800,\"caption\":\"Zwei M\u00e4nner, Frederic Wandres und Lars Ligus, reiten auf zwei Pferden nebeneinander auf einem grasbewachsenen, von B\u00e4umen ges\u00e4umten Weg. Frederic Wandres links sitzt auf einem Fuchs und tr\u00e4gt ein schwarzes T-Shirt und einen Helm. Lars Ligus rechts sitzt auf einem Dunkelbraunen und tr\u00e4gt ein schwarzes Poloshirt und einen Helm. Beide Pferde tragen S\u00e4ttel und Z\u00e4ume, und das rechte Pferd hat eine Fliegenhaube auf. Sie schauen in die Kamera, w\u00e4hrend sie durch eine nat\u00fcrliche, schattige Reitweg-Allee an einem sonnigen Tag reiten.\"},{\"@type\":\"BreadcrumbList\",\"@id\":\"https:\\\/\\\/www.ehorses.de\\\/magazin\\\/news\\\/grosse-veraenderung-fuer-frederic-wandres-und-lars-ligus\\\/#breadcrumb\",\"itemListElement\":[{\"@type\":\"ListItem\",\"position\":1,\"name\":\"Startseite\",\"item\":\"https:\\\/\\\/www.ehorses.de\\\/magazin\\\/\"},{\"@type\":\"ListItem\",\"position\":2,\"name\":\"Gro\u00dfe Ver\u00e4nderung f\u00fcr Frederic Wandres und Lars Ligus\"}]},{\"@type\":\"WebSite\",\"@id\":\"https:\\\/\\\/www.ehorses.de\\\/magazin\\\/#website\",\"url\":\"https:\\\/\\\/www.ehorses.de\\\/magazin\\\/\",\"name\":\"ehorses Magazin\",\"description\":\"\",\"potentialAction\":[{\"@type\":\"SearchAction\",\"target\":{\"@type\":\"EntryPoint\",\"urlTemplate\":\"https:\\\/\\\/www.ehorses.de\\\/magazin\\\/?s={search_term_string}\"},\"query-input\":{\"@type\":\"PropertyValueSpecification\",\"valueRequired\":true,\"valueName\":\"search_term_string\"}}],\"inLanguage\":\"de\"},{\"@type\":\"Person\",\"@id\":\"https:\\\/\\\/www.ehorses.de\\\/magazin\\\/#\\\/schema\\\/person\\\/6c2b63bd4eb674ff50203c800f355d3b\",\"name\":\"Dominique Wehrmann\",\"image\":{\"@type\":\"ImageObject\",\"inLanguage\":\"de\",\"@id\":\"https:\\\/\\\/www.ehorses.de\\\/magazin\\\/wp-content\\\/uploads\\\/cropped-dominique-wehrmann-96x96.webp\",\"url\":\"https:\\\/\\\/www.ehorses.de\\\/magazin\\\/wp-content\\\/uploads\\\/cropped-dominique-wehrmann-96x96.webp\",\"contentUrl\":\"https:\\\/\\\/www.ehorses.de\\\/magazin\\\/wp-content\\\/uploads\\\/cropped-dominique-wehrmann-96x96.webp\",\"caption\":\"Dominique Wehrmann\"},\"description\":\"Seit 20 Jahren Pferdesportjournalistin aus Leidenschaft f\u00fcr die wunderbarsten Tiere der Welt, den Reitsport und das Schreiben. Angetrieben durch die \u00dcberzeugung, dass die Welt objektive, unabh\u00e4ngige Berichterstattung braucht. Mitgr\u00fcnderin dieser Seite mit der Erfahrung von fast zwei Jahrzehnten beim St.GEORG und der Expertise einer Reiterin, die selbst Pferde gez\u00fcchtet und ausgebildet hat und das Gl\u00fcck hatte, von Pferdemenschen wie Hans-Georg Gerlach, Michael Settertobulte und zum Schluss Reitmeister Hubertus Schmidt lernen zu d\u00fcrfen. Heimliches Faible f\u00fcr die Vielseitigkeit, Faszination f\u00fcr die Dressur, immer noch mit der Erinnerung daran, wie fantastisch sich ein gelungener Parcours anf\u00fchlt.\",\"sameAs\":[\"https:\\\/\\\/equi-pages.de\\\/\"],\"url\":\"https:\\\/\\\/www.ehorses.de\\\/magazin\\\/author\\\/d-wehrmann\\\/\"}]}<\/script>\n<!-- \/ Yoast SEO plugin. -->","yoast_head_json":{"title":"Gro\u00dfe Ver\u00e4nderung f\u00fcr Frederic Wandres und Lars Ligus","description":"Frederic Wandres und Lars Ligus verlassen Hof Kasselmann und machen sich auf Gut Einhaus selbstst\u00e4ndig \u25ba Jetzt mehr erfahren!","robots":{"index":"index","follow":"follow","max-snippet":"max-snippet:-1","max-image-preview":"max-image-preview:large","max-video-preview":"max-video-preview:-1"},"canonical":"https:\/\/www.ehorses.de\/magazin\/news\/grosse-veraenderung-fuer-frederic-wandres-und-lars-ligus\/","og_locale":"de_DE","og_type":"article","og_title":"Gro\u00dfe Ver\u00e4nderung f\u00fcr Frederic Wandres und Lars Ligus","og_description":"Frederic Wandres und Lars Ligus verlassen Hof Kasselmann und machen sich auf Gut Einhaus selbstst\u00e4ndig \u25ba Jetzt mehr erfahren!","og_url":"https:\/\/www.ehorses.de\/magazin\/news\/grosse-veraenderung-fuer-frederic-wandres-und-lars-ligus\/","og_site_name":"ehorses Magazin","article_modified_time":"2026-09-03T11:31:09+00:00","og_image":[{"width":1200,"height":800,"url":"https:\/\/www.ehorses.de\/magazin\/wp-content\/uploads\/frederic-wandres-mit-lars-ligus.webp","type":"image\/webp"}],"twitter_card":"summary_large_image","twitter_misc":{"Gesch\u00e4tzte Lesezeit":"1\u00a0Minute"},"schema":{"@context":"https:\/\/schema.org","@graph":[{"@type":"NewsArticle","@id":"https:\/\/www.ehorses.de\/magazin\/news\/grosse-veraenderung-fuer-frederic-wandres-und-lars-ligus\/#article","isPartOf":{"@id":"https:\/\/www.ehorses.de\/magazin\/news\/grosse-veraenderung-fuer-frederic-wandres-und-lars-ligus\/"},"author":{"name":"Dominique Wehrmann","@id":"https:\/\/www.ehorses.de\/magazin\/#\/schema\/person\/6c2b63bd4eb674ff50203c800f355d3b"},"headline":"Gro\u00dfe Ver\u00e4nderung f\u00fcr Frederic Wandres und Lars Ligus","datePublished":"2026-09-03T11:31:05+00:00","dateModified":"2026-09-03T11:31:09+00:00","mainEntityOfPage":{"@id":"https:\/\/www.ehorses.de\/magazin\/news\/grosse-veraenderung-fuer-frederic-wandres-und-lars-ligus\/"},"wordCount":115,"commentCount":0,"image":{"@id":"https:\/\/www.ehorses.de\/magazin\/news\/grosse-veraenderung-fuer-frederic-wandres-und-lars-ligus\/#primaryimage"},"thumbnailUrl":"https:\/\/www.ehorses.de\/magazin\/wp-content\/uploads\/frederic-wandres-mit-lars-ligus.webp","articleSection":["News"],"inLanguage":"de","potentialAction":[{"@type":"CommentAction","name":"Comment","target":["https:\/\/www.ehorses.de\/magazin\/news\/grosse-veraenderung-fuer-frederic-wandres-und-lars-ligus\/#respond"]}]},{"@type":"WebPage","@id":"https:\/\/www.ehorses.de\/magazin\/news\/grosse-veraenderung-fuer-frederic-wandres-und-lars-ligus\/","url":"https:\/\/www.ehorses.de\/magazin\/news\/grosse-veraenderung-fuer-frederic-wandres-und-lars-ligus\/","name":"Gro\u00dfe Ver\u00e4nderung f\u00fcr Frederic Wandres und Lars Ligus","isPartOf":{"@id":"https:\/\/www.ehorses.de\/magazin\/#website"},"primaryImageOfPage":{"@id":"https:\/\/www.ehorses.de\/magazin\/news\/grosse-veraenderung-fuer-frederic-wandres-und-lars-ligus\/#primaryimage"},"image":{"@id":"https:\/\/www.ehorses.de\/magazin\/news\/grosse-veraenderung-fuer-frederic-wandres-und-lars-ligus\/#primaryimage"},"thumbnailUrl":"https:\/\/www.ehorses.de\/magazin\/wp-content\/uploads\/frederic-wandres-mit-lars-ligus.webp","datePublished":"2026-09-03T11:31:05+00:00","dateModified":"2026-09-03T11:31:09+00:00","description":"Frederic Wandres und Lars Ligus verlassen Hof Kasselmann und machen sich auf Gut Einhaus selbstst\u00e4ndig \u25ba Jetzt mehr erfahren!","breadcrumb":{"@id":"https:\/\/www.ehorses.de\/magazin\/news\/grosse-veraenderung-fuer-frederic-wandres-und-lars-ligus\/#breadcrumb"},"inLanguage":"de","potentialAction":[{"@type":"ReadAction","target":["https:\/\/www.ehorses.de\/magazin\/news\/grosse-veraenderung-fuer-frederic-wandres-und-lars-ligus\/"]}]},{"@type":"ImageObject","inLanguage":"de","@id":"https:\/\/www.ehorses.de\/magazin\/news\/grosse-veraenderung-fuer-frederic-wandres-und-lars-ligus\/#primaryimage","url":"https:\/\/www.ehorses.de\/magazin\/wp-content\/uploads\/frederic-wandres-mit-lars-ligus.webp","contentUrl":"https:\/\/www.ehorses.de\/magazin\/wp-content\/uploads\/frederic-wandres-mit-lars-ligus.webp","width":1200,"height":800,"caption":"Zwei M\u00e4nner, Frederic Wandres und Lars Ligus, reiten auf zwei Pferden nebeneinander auf einem grasbewachsenen, von B\u00e4umen ges\u00e4umten Weg. Frederic Wandres links sitzt auf einem Fuchs und tr\u00e4gt ein schwarzes T-Shirt und einen Helm. Lars Ligus rechts sitzt auf einem Dunkelbraunen und tr\u00e4gt ein schwarzes Poloshirt und einen Helm. Beide Pferde tragen S\u00e4ttel und Z\u00e4ume, und das rechte Pferd hat eine Fliegenhaube auf. Sie schauen in die Kamera, w\u00e4hrend sie durch eine nat\u00fcrliche, schattige Reitweg-Allee an einem sonnigen Tag reiten."},{"@type":"BreadcrumbList","@id":"https:\/\/www.ehorses.de\/magazin\/news\/grosse-veraenderung-fuer-frederic-wandres-und-lars-ligus\/#breadcrumb","itemListElement":[{"@type":"ListItem","position":1,"name":"Startseite","item":"https:\/\/www.ehorses.de\/magazin\/"},{"@type":"ListItem","position":2,"name":"Gro\u00dfe Ver\u00e4nderung f\u00fcr Frederic Wandres und Lars Ligus"}]},{"@type":"WebSite","@id":"https:\/\/www.ehorses.de\/magazin\/#website","url":"https:\/\/www.ehorses.de\/magazin\/","name":"ehorses Magazin","description":"","potentialAction":[{"@type":"SearchAction","target":{"@type":"EntryPoint","urlTemplate":"https:\/\/www.ehorses.de\/magazin\/?s={search_term_string}"},"query-input":{"@type":"PropertyValueSpecification","valueRequired":true,"valueName":"search_term_string"}}],"inLanguage":"de"},{"@type":"Person","@id":"https:\/\/www.ehorses.de\/magazin\/#\/schema\/person\/6c2b63bd4eb674ff50203c800f355d3b","name":"Dominique Wehrmann","image":{"@type":"ImageObject","inLanguage":"de","@id":"https:\/\/www.ehorses.de\/magazin\/wp-content\/uploads\/cropped-dominique-wehrmann-96x96.webp","url":"https:\/\/www.ehorses.de\/magazin\/wp-content\/uploads\/cropped-dominique-wehrmann-96x96.webp","contentUrl":"https:\/\/www.ehorses.de\/magazin\/wp-content\/uploads\/cropped-dominique-wehrmann-96x96.webp","caption":"Dominique Wehrmann"},"description":"Seit 20 Jahren Pferdesportjournalistin aus Leidenschaft f\u00fcr die wunderbarsten Tiere der Welt, den Reitsport und das Schreiben. Angetrieben durch die \u00dcberzeugung, dass die Welt objektive, unabh\u00e4ngige Berichterstattung braucht. Mitgr\u00fcnderin dieser Seite mit der Erfahrung von fast zwei Jahrzehnten beim St.GEORG und der Expertise einer Reiterin, die selbst Pferde gez\u00fcchtet und ausgebildet hat und das Gl\u00fcck hatte, von Pferdemenschen wie Hans-Georg Gerlach, Michael Settertobulte und zum Schluss Reitmeister Hubertus Schmidt lernen zu d\u00fcrfen. Heimliches Faible f\u00fcr die Vielseitigkeit, Faszination f\u00fcr die Dressur, immer noch mit der Erinnerung daran, wie fantastisch sich ein gelungener Parcours anf\u00fchlt.","sameAs":["https:\/\/equi-pages.de\/"],"url":"https:\/\/www.ehorses.de\/magazin\/author\/d-wehrmann\/"}]}},"_links":{"self":[{"href":"https:\/\/www.ehorses.de\/magazin\/wp-json\/wp\/v2\/news\/95661","targetHints":{"allow":["GET"]}}],"collection":[{"href":"https:\/\/www.ehorses.de\/magazin\/wp-json\/wp\/v2\/news"}],"about":[{"href":"https:\/\/www.ehorses.de\/magazin\/wp-json\/wp\/v2\/types\/news"}],"author":[{"embeddable":true,"href":"https:\/\/www.ehorses.de\/magazin\/wp-json\/wp\/v2\/users\/186"}],"replies":[{"embeddable":true,"href":"https:\/\/www.ehorses.de\/magazin\/wp-json\/wp\/v2\/comments?post=95661"}],"version-history":[{"count":5,"href":"https:\/\/www.ehorses.de\/magazin\/wp-json\/wp\/v2\/news\/95661\/revisions"}],"predecessor-version":[{"id":95679,"href":"https:\/\/www.ehorses.de\/magazin\/wp-json\/wp\/v2\/news\/95661\/revisions\/95679"}],"wp:featuredmedia":[{"embeddable":true,"href":"https:\/\/www.ehorses.de\/magazin\/wp-json\/wp\/v2\/media\/95663"}],"wp:attachment":[{"href":"https:\/\/www.ehorses.de\/magazin\/wp-json\/wp\/v2\/media?parent=95661"}],"wp:term":[{"taxonomy":"category","embeddable":true,"href":"https:\/\/www.ehorses.de\/magazin\/wp-json\/wp\/v2\/categories?post=95661"},{"taxonomy":"post_tag","embeddable":true,"href":"https:\/\/www.ehorses.de\/magazin\/wp-json\/wp\/v2\/tags?post=95661"}],"curies":[{"name":"wp","href":"https:\/\/api.w.org\/{rel}","templated":true}]}}