{"id":18778,"date":"2017-11-14T09:00:44","date_gmt":"2017-11-14T08:00:44","guid":{"rendered":"https:\/\/magazin.ehorses.de\/?p=18778"},"modified":"2022-05-30T14:48:44","modified_gmt":"2022-05-30T12:48:44","slug":"cor-de-la-bryere-im-portrait","status":"publish","type":"post","link":"https:\/\/www.ehorses.de\/magazin\/cor-de-la-bryere-im-portrait\/","title":{"rendered":"Cor de la Bry\u00e8re im Portrait"},"content":{"rendered":"<div class=\"wpb-content-wrapper\"><p>[vc_row][vc_column][vc_column_text]<strong>Cor de la Bry\u00e8re z\u00e4hlt zu den bedeutendsten Top-Vererber in der <a href=\"https:\/\/www.ehorses.de\/magazin\/pferdezucht\/\">Pferdezucht<\/a> der <a href=\"https:\/\/www.ehorses.de\/magazin\/warmblueter\/\">Warmbl\u00fcter<\/a>. Im Jahr 2000 der ber\u00fchmte Hengst verstorben. Dennoch gilt es bis heute als Jahrhunderthengst von einmaliger Zuchtqualit\u00e4t. Welche Erfolge er gefeiert hat und wer seine Nachkommen sind, erf\u00e4hrst Du in diesem Beitrag.<\/strong><\/p>\n<p>[\/vc_column_text][vc_column_text]<\/p>\n<h2>Cor de la Bry\u00e8re \u2013 der legend\u00e4re Top-Vererber der Holsteiner Zucht<\/h2>\n<p>Der im Jahr 2000 gestorbene Hengst Cor de la Bry\u00e8re war einer der bedeutendsten Top-Vererber in der Pferdezucht der Warmbl\u00fcter und gilt bis heute als <strong>Jahrhunderthengst von einmaliger Zuchtqualit\u00e4t<\/strong>. 1968 geboren und gez\u00fcchtet von Madame Essayess und Yvre de Polaiss, beeinflusste der schon zu Lebzeiten legend\u00e4re Selle Fran\u00e7ais wie kein anderer <a href=\"https:\/\/www.ehorses.de\/magazin\/disziplinen\/deckhengste\/\">Deckhengst<\/a> die <a href=\"https:\/\/www.ehorses.de\/magazin\/pferderassen\/holsteiner\/\">Holsteiner<\/a> Zucht. Seit er 1971 von dem Z\u00fcchter Alwin Schockem\u00f6hle aus Frankreich nach Deutschland geholt und an den Verband der Z\u00fcchter des Holsteiner Pferdes e.V. ausgeliehen wurde, deckte der dunkelbraune <strong>Ausnahmehengst<\/strong> derart viele Stuten, dass sein Blut heute in \u00fcber 70 Prozent aller Holsteiner-Pedigrees flie\u00dft. Noch heute betr\u00e4gt sein Zuchtwert bei Springpferden 120 Punkte bei einer Zucht-Sicherheit von 98 Prozent. Am 27. April 2000 musste Cor de la Bry\u00e8re mit 32 Jahren wegen einer akuten Herzerkrankung eingeschl\u00e4fert werden.[\/vc_column_text][vc_message message_box_style=&#8221;solid-icon&#8221; message_box_color=&#8221;juicy_pink&#8221;]<strong>Wer war Cor de la Bry\u00e8re?<\/strong><\/p>\n<p>Der im Jahr 2000 gestorbene Hengst Cor de la Bry\u00e8re war einer der bedeutendsten Top-Vererber in der Pferdezucht der Warmbl\u00fcter und gilt bis heute als Jahrhunderthengst von einmaliger Zuchtqualit\u00e4t.[\/vc_message][\/vc_column][\/vc_row][vc_row][vc_column][vc_separator][vc_column_text]<\/p>\n<h2>Eckdaten zu Cor de la Bry\u00e8re im \u00dcberblick<\/h2>\n<div class=\"pcrstb-wrap\"><table>\n<tbody>\n<tr>\n<td><strong>Geboren<\/strong><\/td>\n<td>1968<\/td>\n<\/tr>\n<tr>\n<td><strong>Gestorben<\/strong><\/td>\n<td>2000<\/td>\n<\/tr>\n<tr>\n<td><strong>Rasse<\/strong><\/td>\n<td>Selle Fran\u00e7ais<\/td>\n<\/tr>\n<tr>\n<td><strong>Farbe<\/strong><\/td>\n<td>Dunkelbraun<\/td>\n<\/tr>\n<tr>\n<td><strong>Verband<\/strong><\/td>\n<td><a href=\"https:\/\/www.ehorses.de\/magazin\/pferderassen\/hannoveraner\/\">Hannoveraner<\/a> Verband e.V.<\/td>\n<\/tr>\n<tr>\n<td><strong>Stockma\u00df<\/strong><\/td>\n<td>168 Zentimeter<\/td>\n<\/tr>\n<tr>\n<td><strong>Z\u00fcchter<\/strong><\/td>\n<td>Madame Essayess, Yvre de Polaiss<\/td>\n<\/tr>\n<tr>\n<td><strong>Besitzer<\/strong><\/td>\n<td>Verband der Z\u00fcchter des Holsteiner Pferdes e.V.\/Alwin Schockem\u00f6hle, Xavier Ribard<\/td>\n<\/tr>\n<tr>\n<td><strong>Decktaxe<\/strong><\/td>\n<td>&#8212;<\/td>\n<\/tr>\n<tr>\n<td><strong>Zuchtwert<\/strong><\/td>\n<td>120 Punkte<\/td>\n<\/tr>\n<tr>\n<td><strong>Zuchtsicherheit<\/strong><\/td>\n<td>98 Prozent<\/td>\n<\/tr>\n<tr>\n<td><strong>Zulassungen<\/strong><\/td>\n<td>Holsteiner Verband<\/td>\n<\/tr>\n<\/tbody>\n<\/table><\/div>\n<p>[\/vc_column_text][vc_separator][\/vc_column][\/vc_row][vc_row][vc_column][vc_column_text]<\/p>\n<h2>Leben und Erfolge<\/h2>\n<p>Cor de la Bry\u00e8re wurde am 23. April 1968 in Frankreich geboren, trug den Spitznamen Corde und \u00fcberzeugte mit einer hervorragenden Abstammung. Seine Mutter war keine geringere als Quenotte B, Tochter von Lurioso, die auf den <strong>erfolgreichen Vollbl\u00fcter <a href=\"https:\/\/www.ehorses.de\/magazin\/pferderassen\/furioso\/\">Furioso<\/a><\/strong> zur\u00fcckging. V\u00e4terlicherseits war der Hengst ein Nachkomme von Rantzau, der in Frankreich bereits eine Vielzahl an guten Springpferden hervorgebracht hatte. Er stammte, ebenso wie Furioso, von Dark Ronald ab, dem Stempelhengst der deutschen Vollblutzucht im 20. Jahrhundert. Trotz dieses erlesenen Stammbaums sah die franz\u00f6sische Zuchtkommission vor, Cor de la Bry\u00e8re zu kastrieren \u2013 der Grund, warum ihn sein Besitzer Xavier Ribard zum Verkauf anbot.<\/p>\n<p>Zu Beginn der 1970er Jahre hatte sich im Holsteiner Verband herumgesprochen, dass sich bereits die <a href=\"https:\/\/www.ehorses.de\/magazin\/pferderassen\/oldenburger\/\">Oldenburger<\/a> Zucht durch franz\u00f6sisches Blut hervorragend entwickelte. Hier wurden die Furioso-S\u00f6hne Futuro und Furioso xx eingesetzt und brachten <strong>vielversprechende Nachkommen<\/strong> hervor. Fortan sollte auch die Holsteiner Zucht von franz\u00f6sischem Blut profitieren, zumal der Oldenburger Z\u00fcchter Alwin Schockem\u00f6hle das Angebot machte, den von ihm angepachteten Furioso xx-Sohn Urioso an den Verband weiter zu verpachten. Dieser wurde 1971 in Frankreich durch einen deutschen Ausschuss begutachtet, der bei diesem Anlass den damals zweieinhalbj\u00e4hrigen Cor de la Bry\u00e8re entdeckte. Der junge Hengst \u00fcberzeugte auf Anhieb mit seinem \u00e4u\u00dferst elastischen Auftreten, wurde daher f\u00fcr 20.000 DM gekauft und nach Holstein exportiert, wo er direkt den 100-Tage-Test gewann. Ebenso ging er im Sattel von Herbert Bl\u00f6cker <strong>siegreich aus der <a href=\"https:\/\/www.ehorses.de\/magazin\/hengstleistungspruefung\/\">Hengstleistungspr\u00fcfung<\/a><\/strong> hervor. Dies war der Ausgangspunkt f\u00fcr eine einzigartige Zuchtkarriere, die bereits in der ersten Saison mit 70 Deckeins\u00e4tzen begann. Z\u00fcchter, die zun\u00e4chst skeptisch waren, begeisterte Cor de la Bry\u00e8re schnell mit seiner Eleganz, dem korrekten Fundament, der sehr guten Bemuskelung und dem hervorragenden Sprung.<\/p>\n<p>Vier der Nachkommen aus diesem Jahrgang wurden erfolgreich gek\u00f6rt, wobei sich schnell herausstellte, dass Cor de la Bry\u00e8re vor allem exzellente Springveranlagungen vererbte. Neben der hervorragenden Springtechnik gab er auch seine <strong>enorme Lernf\u00e4higkeit<\/strong> und seine <strong>gro\u00dfe Leistungsbereitschaft<\/strong> weiter \u2013 ideale Voraussetzungen, um mit ihm erfolgversprechende Springpferde zu z\u00fcchten. W\u00e4hrend Urioso, der urspr\u00fcnglich favorisierte Hengst, nur zwei Jahre lang eingesetzt wurde und danach an Bedeutung als Besch\u00e4ler verlor, feierte Cor de la Bry\u00e8re einen noch nie da gewesenen Triumphzug als Jahrhundertvererber. Stationiert war der Hengst bis 1984 in Siethwende im Kreis Steinburg, bevor er 1985 vor\u00fcbergehend im belgischen Gest\u00fct Zangersheide und ab 1986 bis 1988 in Elmshorn stand. Von 1989 bis zu seinem Tod war eine Hengststation in Sollwittfeld seine Heimat.[\/vc_column_text][vc_message message_box_style=&#8221;solid-icon&#8221; message_box_color=&#8221;juicy_pink&#8221;]<strong>Welche Abstammung hatte Cor de la Bry\u00e8re?<\/strong><\/p>\n<p>Seine Mutter war keine geringere als Quenotte B, Tochter von Lurioso, die auf den erfolgreichen Vollbl\u00fcter Furioso zur\u00fcckging. V\u00e4terlicherseits war der Hengst ein Nachkomme von Rantzau, der in Frankreich bereits eine Vielzahl an guten Springpferden hervorgebracht hatte.[\/vc_message][\/vc_column][\/vc_row][vc_row][vc_column][vc_separator][vc_raw_html]JTNDaWZyYW1lJTIwd2lkdGglM0QlMjI1NjAlMjIlMjBoZWlnaHQlM0QlMjIzMTUlMjIlMjBzcmMlM0QlMjJodHRwcyUzQSUyRiUyRnd3dy55b3V0dWJlLW5vY29va2llLmNvbSUyRmVtYmVkJTJGWHg4TzZBNm1pMU0lMjIlMjBmcmFtZWJvcmRlciUzRCUyMjAlMjIlMjBhbGxvdyUzRCUyMmFjY2VsZXJvbWV0ZXIlM0IlMjBhdXRvcGxheSUzQiUyMGVuY3J5cHRlZC1tZWRpYSUzQiUyMGd5cm9zY29wZSUzQiUyMHBpY3R1cmUtaW4tcGljdHVyZSUyMiUyMGFsbG93ZnVsbHNjcmVlbiUzRSUzQyUyRmlmcmFtZSUzRQ==[\/vc_raw_html][vc_separator][\/vc_column][\/vc_row][vc_row][vc_column][vc_column_text]<\/p>\n<h2>Cor de la Bry\u00e8re und seine Nachkommen<\/h2>\n<p>Cor de la Bry\u00e8re war nicht nur in Holstein, sondern in ganz Europa einer der bedeutendsten Linienbegr\u00fcnder. Sowohl in puncto Rittigkeit und Springtechnik als auch Leichtf\u00fc\u00dfigkeit und Manier war seine Vererbung durchschlagend, sodass seine Nachkommen nicht nur im Springsport, sondern in allen Disziplinen des Reitens <strong>internationale Erfolge<\/strong> einheimsen konnten. Zugleich erlangten seine S\u00f6hne auch in der Sportpferdezucht weltweit einen enormen Einfluss, wie beispielsweise der Holsteiner Caletto I, der sich zu einem bedeutenden Zuchthengst und erfolgreichen Springpferd entwickelte. Mehrere Erfolge bei internationalen Pr\u00fcfungen, darunter die Mannschafts-Bronzemedaille bei den Europameisterschaften 1983, sprachen im Sport f\u00fcr sich. Noch bedeutender war Caletto I aber als Deckhengst. So brachte er <strong>19 gek\u00f6rte S\u00f6hne und 103 eingetragene Zuchtstuten<\/strong> hervor, von denen vier die Staatspr\u00e4mie erhielten.<\/p>\n<p>Ein ebenso erfolgreicher Nachkomme von Cor de la Bry\u00e8re war Caletto II, der als bedeutendster Sohn des Top-Vererbers angesehen wird und selbst namhafte S\u00f6hne und T\u00f6chter hervorbrachte. Hierzu geh\u00f6rten unter anderem der 1984 geborene Elitehengst Cadillac, sein bedeutendster Sohn Caretino, der von <a href=\"https:\/\/www.ehorses.de\/magazin\/springreiter-ludger-beerbaum-im-portrait\/\">Ludger Beerbaum<\/a> geritten wurde, und die Tochter Classic Touch, die 1992 bei den Olympischen Spielen die Goldmedaille gewann. Durch seine S\u00f6hne Caletto I und Caletto II, aber auch durch Caletto III sowie die S\u00f6hne Calypso I bis V schuf Cor de la Bry\u00e8re einflussreiche Bruderdynastien, die sich ebenso <strong>sportlich wie in der Zucht exzellent<\/strong> bew\u00e4hrten. Besonders erfolgreich waren die Paarungen mit der Stute Tabelle, aus denen f\u00fcnf gek\u00f6rte S\u00f6hne wie Calypso I und II hervorgingen.<\/p>\n<p>Die <strong>Zuchtstute Furgund<\/strong> wurde 18 Mal von Cor de la Bry\u00e8re gedeckt und bekam sechs gek\u00f6rte S\u00f6hne. Nicht zuletzt war die Verbindung mit Deka sehr erfolgreich, aus der die drei Caletto-Br\u00fcder entstammten, die wiederum ganze Hengstdynastien begr\u00fcndeten. Aber auch die T\u00f6chter sind nicht zu vergessen, darunter die erstklassige Stute Costa 5 im Sattel von Dr. Michael R\u00fcping und Cordeka. Die Vollschwester von Caletto I bis III sorgte mit Herbert Bl\u00f6cker in der <a href=\"https:\/\/www.ehorses.de\/magazin\/disziplinen\/vielseitigkeitsreiten\/\">Vielseitigkeit<\/a> f\u00fcr sportliche Furore.<\/p>\n<p>Insgesamt brachte Cor de la Bry\u00e8re 569 eingetragene Zuchtstuten, davon 84 mit Staatspr\u00e4mie, sowie 85 gek\u00f6rte S\u00f6hne hervor. Bei der Deutschen Reiterlichen Vereinigung (FN) sind <strong>989 Turnierpferde registriert<\/strong>, die auf den Ausnahmehengst zur\u00fcckgehen. Davon sind 188 erfolgreiche Springpferde und 12 Dressurpferde.[\/vc_column_text][vc_message message_box_style=&#8221;solid-icon&#8221; message_box_color=&#8221;juicy_pink&#8221;]<strong>Welche Erfolge haben die Nachkommen von Cor de la Bry\u00e8re gefeiert?<\/strong><\/p>\n<p>Seine S\u00f6hne erlangten in der Sportpferdezucht weltweit einen enormen Einfluss, wie beispielsweise der Holsteiner Caletto I, der sich zu einem bedeutenden Zuchthengst und erfolgreichen Springpferd entwickelte. Mehrere Erfolge bei internationalen Pr\u00fcfungen, darunter die Mannschafts-Bronzemedaille bei den Europameisterschaften 1983, sprachen im Sport f\u00fcr sich.[\/vc_message][\/vc_column][\/vc_row][vc_row][vc_column][vc_separator][vc_column_text]<\/p>\n<h2>Stammbaum von Cor de la Bry\u00e8re<\/h2>\n<div class=\"pcrstb-wrap\"><table>\n<tbody>\n<tr style=\"height: 26px;\">\n<td style=\"height: 207px; text-align: center;\" rowspan=\"8\">Cor de la Bry\u00e8re \u2642<\/td>\n<td style=\"height: 104px; text-align: center;\" rowspan=\"4\"><b>Rantzau xx\u00a0<\/b>\u2642<br \/>\n<a href=\"https:\/\/www.ehorses.de\/magazin\/pferderassen\/englisches-vollblut\/\">Englisches Vollblut<\/a><br \/>\nFuchs, 1946<\/td>\n<td style=\"height: 52px; text-align: center;\" rowspan=\"2\"><strong>Foxlight xx<\/strong>\u00a0\u2642<br \/>\nEnglisches Vollblut<br \/>\nFuchs, 1935<\/td>\n<td style=\"height: 26px; text-align: center;\"><strong>Foxhunter xx\u00a0<\/strong>\u2642<br \/>\nEnglisches Vollblut<br \/>\nFuchs, 1929<\/td>\n<\/tr>\n<tr style=\"height: 26px;\">\n<td style=\"height: 26px; text-align: center;\"><strong>Chouia xx\u00a0<\/strong>\u2640<br \/>\nEnglisches Vollblut<br \/>\nFuchs, 1925<\/td>\n<\/tr>\n<tr style=\"height: 26px;\">\n<td style=\"height: 52px; text-align: center;\" rowspan=\"2\"><strong>Rancune xx\u00a0<\/strong>\u2640<br \/>\nEnglisches Vollblut<br \/>\nBraun, 1940<\/td>\n<td style=\"height: 26px; text-align: center;\"><b>Cavaliere d&#8217;Arpino xx\u00a0<\/b>\u2642<br \/>\nEnglisches Vollblut<br \/>\nBraun, 1926<\/td>\n<\/tr>\n<tr style=\"height: 26px;\">\n<td style=\"height: 26px; text-align: center;\"><strong>Rockella xx<\/strong>\u00a0\u2640<br \/>\nEnglisches Vollblut<br \/>\nBraun, 1926<\/td>\n<\/tr>\n<tr style=\"height: 25px;\">\n<td style=\"height: 103px; text-align: center;\" rowspan=\"4\"><strong>Quenotte B<\/strong>\u00a0\u2640<br \/>\nStelle Francais<br \/>\nDunkelbraun, 1960<\/td>\n<td style=\"height: 51px; text-align: center;\" rowspan=\"2\"><strong>Lurioso\u00a0<\/strong>\u2642<br \/>\nAnglo-Normane<br \/>\nBraun, 1955<\/td>\n<td style=\"height: 25px; text-align: center;\"><b>Furioso xx<\/b>\u00a0\u2642<br \/>\nEnglisches Vollblut<br \/>\nBraun, 1939<\/td>\n<\/tr>\n<tr style=\"height: 26px;\">\n<td style=\"height: 26px; text-align: center;\"><strong>Riquette AN<\/strong>\u00a0\u2640<br \/>\nAnglo-Normane<br \/>\nBraun, 1939<\/td>\n<\/tr>\n<tr style=\"height: 26px;\">\n<td style=\"height: 52px; text-align: center;\" rowspan=\"2\"><strong>Vestale du Bois Margot<\/strong>\u00a0\u2640<br \/>\nStelle Francais<br \/>\nFuchs, 1942<\/td>\n<td style=\"height: 26px; text-align: center;\"><strong>Landau<\/strong>\u00a0\u2642<br \/>\nStelle Francais<br \/>\nFuchs, 1933<\/td>\n<\/tr>\n<tr style=\"height: 26px;\">\n<td style=\"height: 26px; text-align: center;\"><strong>Kristine Du Bois Margot<\/strong>\u00a0\u2640<br \/>\nAnglo-Normane<br \/>\n1932<\/td>\n<\/tr>\n<\/tbody>\n<\/table><\/div>\n<p>[\/vc_column_text][\/vc_column][\/vc_row][vc_row][vc_column][vc_raw_js]JTNDc2NyaXB0JTIwdHlwZSUzRCUyMmFwcGxpY2F0aW9uJTJGbGQlMkJqc29uJTIyJTNFJTBBJTdCJTBBJTIwJTIwJTIyJTQwY29udGV4dCUyMiUzQSUyMCUyMmh0dHBzJTNBJTJGJTJGc2NoZW1hLm9yZyUyMiUyQyUwQSUyMCUyMCUyMiU0MHR5cGUlMjIlM0ElMjAlMjJGQVFQYWdlJTIyJTJDJTBBJTIwJTIwJTIybWFpbkVudGl0eSUyMiUzQSUyMCU1QiU3QiUwQSUyMCUyMCUyMCUyMCUyMiU0MHR5cGUlMjIlM0ElMjAlMjJRdWVzdGlvbiUyMiUyQyUwQSUyMCUyMCUyMCUyMCUyMm5hbWUlMjIlM0ElMjAlMjJXZXIlMjB3YXIlMjBDb3IlMjBkZSUyMGxhJTIwQnJ5JUMzJUE4cmUlM0YlMjIlMkMlMEElMjAlMjAlMjAlMjAlMjJhY2NlcHRlZEFuc3dlciUyMiUzQSUyMCU3QiUwQSUyMCUyMCUyMCUyMCUyMCUyMCUyMiU0MHR5cGUlMjIlM0ElMjAlMjJBbnN3ZXIlMjIlMkMlMEElMjAlMjAlMjAlMjAlMjAlMjAlMjJ0ZXh0JTIyJTNBJTIwJTIyRGVyJTIwaW0lMjBKYWhyJTIwMjAwMCUyMGdlc3RvcmJlbmUlMjBIZW5nc3QlMjBDb3IlMjBkZSUyMGxhJTIwQnJ5JUMzJUE4cmUlMjB3YXIlMjBlaW5lciUyMGRlciUyMGJlZGV1dGVuZHN0ZW4lMjBUb3AtVmVyZXJiZXIlMjBpbiUyMGRlciUyMFBmZXJkZXp1Y2h0JTIwZGVyJTIwV2FybWJsJUMzJUJDdGVyJTIwdW5kJTIwZ2lsdCUyMGJpcyUyMGhldXRlJTIwYWxzJTIwSmFocmh1bmRlcnRoZW5nc3QlMjB2b24lMjBlaW5tYWxpZ2VyJTIwWnVjaHRxdWFsaXQlQzMlQTR0LiUyMCUzQ2ElMjBocmVmJTNEJTVDJTIyaHR0cHMlM0ElMkYlMkZ3d3cuZWhvcnNlcy5kZSUyRm1hZ2F6aW4lMkZjb3ItZGUtbGEtYnJ5ZXJlLWltLXBvcnRyYWl0JTJGJTVDJTIyJTNFSmV0enQlMjBtZWhyJTIwZXJmYWhyZW4lMjAlRTIlOTYlQjYlM0MlMkZhJTNFJTIyJTBBJTIwJTIwJTIwJTIwJTdEJTBBJTIwJTIwJTdEJTJDJTdCJTBBJTIwJTIwJTIwJTIwJTIyJTQwdHlwZSUyMiUzQSUyMCUyMlF1ZXN0aW9uJTIyJTJDJTBBJTIwJTIwJTIwJTIwJTIybmFtZSUyMiUzQSUyMCUyMldlbGNoZSUyMEFic3RhbW11bmclMjBoYXR0ZSUyMENvciUyMGRlJTIwbGElMjBCcnklQzMlQThyZSUzRiUyMiUyQyUwQSUyMCUyMCUyMCUyMCUyMmFjY2VwdGVkQW5zd2VyJTIyJTNBJTIwJTdCJTBBJTIwJTIwJTIwJTIwJTIwJTIwJTIyJTQwdHlwZSUyMiUzQSUyMCUyMkFuc3dlciUyMiUyQyUwQSUyMCUyMCUyMCUyMCUyMCUyMCUyMnRleHQlMjIlM0ElMjAlMjJTZWluZSUyME11dHRlciUyMHdhciUyMGtlaW5lJTIwZ2VyaW5nZXJlJTIwYWxzJTIwUXVlbm90dGUlMjBCJTJDJTIwVG9jaHRlciUyMHZvbiUyMEx1cmlvc28lMkMlMjBkaWUlMjBhdWYlMjBkZW4lMjBlcmZvbGdyZWljaGVuJTIwVm9sbGJsJUMzJUJDdGVyJTIwRnVyaW9zbyUyMHp1ciVDMyVCQ2NrZ2luZy4lMjBWJUMzJUE0dGVybGljaGVyc2VpdHMlMjB3YXIlMjBkZXIlMjBIZW5nc3QlMjBlaW4lMjBOYWNoa29tbWUlMjB2b24lMjBSYW50emF1JTJDJTIwZGVyJTIwaW4lMjBGcmFua3JlaWNoJTIwYmVyZWl0cyUyMGVpbmUlMjBWaWVsemFobCUyMGFuJTIwZ3V0ZW4lMjBTcHJpbmdwZmVyZGVuJTIwaGVydm9yZ2VicmFjaHQlMjBoYXR0ZS4lMjAlM0NhJTIwaHJlZiUzRCU1QyUyMmh0dHBzJTNBJTJGJTJGd3d3LmVob3JzZXMuZGUlMkZtYWdhemluJTJGY29yLWRlLWxhLWJyeWVyZS1pbS1wb3J0cmFpdCUyRiU1QyUyMiUzRUpldHp0JTIwbWVociUyMGVyZmFocmVuJTIwJUUyJTk2JUI2JTNDJTJGYSUzRSUyMiUwQSUyMCUyMCUyMCUyMCU3RCUwQSUyMCUyMCU3RCUyQyU3QiUwQSUyMCUyMCUyMCUyMCUyMiU0MHR5cGUlMjIlM0ElMjAlMjJRdWVzdGlvbiUyMiUyQyUwQSUyMCUyMCUyMCUyMCUyMm5hbWUlMjIlM0ElMjAlMjJXZWxjaGUlMjBFcmZvbGdlJTIwaGFiZW4lMjBkaWUlMjBOYWNoa29tbWVuJTIwdm9uJTIwQ29yJTIwZGUlMjBsYSUyMEJyeSVDMyVBOHJlJTIwZ2VmZWllcnQlM0YlMjIlMkMlMEElMjAlMjAlMjAlMjAlMjJhY2NlcHRlZEFuc3dlciUyMiUzQSUyMCU3QiUwQSUyMCUyMCUyMCUyMCUyMCUyMCUyMiU0MHR5cGUlMjIlM0ElMjAlMjJBbnN3ZXIlMjIlMkMlMEElMjAlMjAlMjAlMjAlMjAlMjAlMjJ0ZXh0JTIyJTNBJTIwJTIyU2VpbmUlMjBTJUMzJUI2aG5lJTIwZXJsYW5ndGVuJTIwaW4lMjBkZXIlMjBTcG9ydHBmZXJkZXp1Y2h0JTIwd2VsdHdlaXQlMjBlaW5lbiUyMGVub3JtZW4lMjBFaW5mbHVzcyUyQyUyMHdpZSUyMGJlaXNwaWVsc3dlaXNlJTIwZGVyJTIwSG9sc3RlaW5lciUyMENhbGV0dG8lMjBJJTJDJTIwZGVyJTIwc2ljaCUyMHp1JTIwZWluZW0lMjBiZWRldXRlbmRlbiUyMFp1Y2h0aGVuZ3N0JTIwdW5kJTIwZXJmb2xncmVpY2hlbiUyMFNwcmluZ3BmZXJkJTIwZW50d2lja2VsdGUuJTIwTWVocmVyZSUyMEVyZm9sZ2UlMjBiZWklMjBpbnRlcm5hdGlvbmFsZW4lMjBQciVDMyVCQ2Z1bmdlbiUyQyUyMGRhcnVudGVyJTIwZGllJTIwTWFubnNjaGFmdHMtQnJvbnplbWVkYWlsbGUlMjBiZWklMjBkZW4lMjBFdXJvcGFtZWlzdGVyc2NoYWZ0ZW4lMjAxOTgzJTJDJTIwc3ByYWNoZW4lMjBpbSUyMFNwb3J0JTIwZiVDMyVCQ3IlMjBzaWNoLiUyMCUzQ2ElMjBocmVmJTNEJTVDJTIyaHR0cHMlM0ElMkYlMkZ3d3cuZWhvcnNlcy5kZSUyRm1hZ2F6aW4lMkZjb3ItZGUtbGEtYnJ5ZXJlLWltLXBvcnRyYWl0JTJGJTVDJTIyJTNFSmV0enQlMjBtZWhyJTIwZXJmYWhyZW4lMjAlRTIlOTYlQjYlM0MlMkZhJTNFJTIyJTBBJTIwJTIwJTIwJTIwJTdEJTBBJTIwJTIwJTdEJTVEJTBBJTdEJTBBJTNDJTJGc2NyaXB0JTNF[\/vc_raw_js][\/vc_column][\/vc_row]<\/p>\n<\/div>","protected":false},"excerpt":{"rendered":"[vc_row][vc_column][vc_column_text]Cor de la Bry\u00e8re z\u00e4hlt zu den bedeutendsten Top-Vererber in der Pferdezucht der Warmbl\u00fcter. Im&hellip;","protected":false},"author":129,"featured_media":51612,"comment_status":"closed","ping_status":"closed","sticky":false,"template":"","format":"standard","meta":{"_lmt_disableupdate":"","_lmt_disable":"","footnotes":""},"categories":[34,2],"tags":[],"class_list":["post-18778","post","type-post","status-publish","format-standard","has-post-thumbnail","hentry","category-deckhengste-sportpferde","category-pferdesport"],"_oembed_6e2261a90c0f61b3f6e5cbf5248ae69a":null,"_oembed_d83ed97665bbfe5cbf2a5acd0571bfe8":null,"_oembed_879340bd3c064234a240bcda2f369c23":null,"_oembed_519616b8842fb308e7a3039c04f55a79":null,"yoast_head":"<!-- This site is optimized with the Yoast SEO plugin v27.5 - https:\/\/yoast.com\/product\/yoast-seo-wordpress\/ -->\n<title>Cor de la Bry\u00e8re: Erfolge, Nachkommen &amp; Steckbrief | ehorses Magazin<\/title>\n<meta name=\"description\" content=\"Cor de la Bry\u00e8re \u27bd Steckbrief \u2713 Leben \u2713 Erfolge \u2713 Nachkommen \u27bd Jetzt mehr erfahren \u00fcber Cor de la Bry\u00e8re im ehorses Magazin!\" \/>\n<meta name=\"robots\" content=\"index, follow, max-snippet:-1, max-image-preview:large, max-video-preview:-1\" \/>\n<link rel=\"canonical\" href=\"https:\/\/www.ehorses.de\/magazin\/cor-de-la-bryere-im-portrait\/\" \/>\n<meta property=\"og:locale\" content=\"de_DE\" \/>\n<meta property=\"og:type\" content=\"article\" \/>\n<meta property=\"og:title\" content=\"Cor de la Bry\u00e8re: Erfolge, Nachkommen &amp; Steckbrief | ehorses Magazin\" \/>\n<meta property=\"og:description\" content=\"Cor de la Bry\u00e8re \u27bd Steckbrief \u2713 Leben \u2713 Erfolge \u2713 Nachkommen \u27bd Jetzt mehr erfahren \u00fcber Cor de la Bry\u00e8re im ehorses Magazin!\" \/>\n<meta property=\"og:url\" content=\"https:\/\/www.ehorses.de\/magazin\/cor-de-la-bryere-im-portrait\/\" \/>\n<meta property=\"og:site_name\" content=\"ehorses Magazin\" \/>\n<meta property=\"article:published_time\" content=\"2017-11-14T08:00:44+00:00\" \/>\n<meta property=\"article:modified_time\" content=\"2022-05-30T12:48:44+00:00\" \/>\n<meta property=\"og:image\" content=\"https:\/\/www.ehorses.de\/magazin\/wp-content\/uploads\/Cor-de-la-Bryere-portrait-symboldbild.jpg\" \/>\n\t<meta property=\"og:image:width\" content=\"616\" \/>\n\t<meta property=\"og:image:height\" content=\"411\" \/>\n\t<meta property=\"og:image:type\" content=\"image\/jpeg\" \/>\n<meta name=\"author\" content=\"Michelle Breitenfeld\" \/>\n<meta name=\"twitter:card\" content=\"summary_large_image\" \/>\n<meta name=\"twitter:label1\" content=\"Verfasst von\" \/>\n\t<meta name=\"twitter:data1\" content=\"Michelle Breitenfeld\" \/>\n\t<meta name=\"twitter:label2\" content=\"Gesch\u00e4tzte Lesezeit\" \/>\n\t<meta name=\"twitter:data2\" content=\"7\u00a0Minuten\" \/>\n<script type=\"application\/ld+json\" class=\"yoast-schema-graph\">{\"@context\":\"https:\\\/\\\/schema.org\",\"@graph\":[{\"@type\":\"Article\",\"@id\":\"https:\\\/\\\/www.ehorses.de\\\/magazin\\\/cor-de-la-bryere-im-portrait\\\/#article\",\"isPartOf\":{\"@id\":\"https:\\\/\\\/www.ehorses.de\\\/magazin\\\/cor-de-la-bryere-im-portrait\\\/\"},\"author\":{\"name\":\"Michelle Breitenfeld\",\"@id\":\"https:\\\/\\\/www.ehorses.de\\\/magazin\\\/#\\\/schema\\\/person\\\/ad08037b444745a402f0adaff6abc3be\"},\"headline\":\"Cor de la Bry\u00e8re im Portrait\",\"datePublished\":\"2017-11-14T08:00:44+00:00\",\"dateModified\":\"2022-05-30T12:48:44+00:00\",\"mainEntityOfPage\":{\"@id\":\"https:\\\/\\\/www.ehorses.de\\\/magazin\\\/cor-de-la-bryere-im-portrait\\\/\"},\"wordCount\":1705,\"image\":{\"@id\":\"https:\\\/\\\/www.ehorses.de\\\/magazin\\\/cor-de-la-bryere-im-portrait\\\/#primaryimage\"},\"thumbnailUrl\":\"https:\\\/\\\/www.ehorses.de\\\/magazin\\\/wp-content\\\/uploads\\\/Cor-de-la-Bryere-portrait-symboldbild.jpg\",\"articleSection\":[\"Deckhengste &amp; Sportpferde\",\"Pferdesport\"],\"inLanguage\":\"de\"},{\"@type\":\"WebPage\",\"@id\":\"https:\\\/\\\/www.ehorses.de\\\/magazin\\\/cor-de-la-bryere-im-portrait\\\/\",\"url\":\"https:\\\/\\\/www.ehorses.de\\\/magazin\\\/cor-de-la-bryere-im-portrait\\\/\",\"name\":\"Cor de la Bry\u00e8re: Erfolge, Nachkommen & Steckbrief | ehorses Magazin\",\"isPartOf\":{\"@id\":\"https:\\\/\\\/www.ehorses.de\\\/magazin\\\/#website\"},\"primaryImageOfPage\":{\"@id\":\"https:\\\/\\\/www.ehorses.de\\\/magazin\\\/cor-de-la-bryere-im-portrait\\\/#primaryimage\"},\"image\":{\"@id\":\"https:\\\/\\\/www.ehorses.de\\\/magazin\\\/cor-de-la-bryere-im-portrait\\\/#primaryimage\"},\"thumbnailUrl\":\"https:\\\/\\\/www.ehorses.de\\\/magazin\\\/wp-content\\\/uploads\\\/Cor-de-la-Bryere-portrait-symboldbild.jpg\",\"datePublished\":\"2017-11-14T08:00:44+00:00\",\"dateModified\":\"2022-05-30T12:48:44+00:00\",\"author\":{\"@id\":\"https:\\\/\\\/www.ehorses.de\\\/magazin\\\/#\\\/schema\\\/person\\\/ad08037b444745a402f0adaff6abc3be\"},\"description\":\"Cor de la Bry\u00e8re \u27bd Steckbrief \u2713 Leben \u2713 Erfolge \u2713 Nachkommen \u27bd Jetzt mehr erfahren \u00fcber Cor de la Bry\u00e8re im ehorses Magazin!\",\"breadcrumb\":{\"@id\":\"https:\\\/\\\/www.ehorses.de\\\/magazin\\\/cor-de-la-bryere-im-portrait\\\/#breadcrumb\"},\"inLanguage\":\"de\",\"potentialAction\":[{\"@type\":\"ReadAction\",\"target\":[\"https:\\\/\\\/www.ehorses.de\\\/magazin\\\/cor-de-la-bryere-im-portrait\\\/\"]}]},{\"@type\":\"ImageObject\",\"inLanguage\":\"de\",\"@id\":\"https:\\\/\\\/www.ehorses.de\\\/magazin\\\/cor-de-la-bryere-im-portrait\\\/#primaryimage\",\"url\":\"https:\\\/\\\/www.ehorses.de\\\/magazin\\\/wp-content\\\/uploads\\\/Cor-de-la-Bryere-portrait-symboldbild.jpg\",\"contentUrl\":\"https:\\\/\\\/www.ehorses.de\\\/magazin\\\/wp-content\\\/uploads\\\/Cor-de-la-Bryere-portrait-symboldbild.jpg\",\"width\":616,\"height\":411,\"caption\":\"Cor de la Bry\u00e8re im Portrait symboldbild\"},{\"@type\":\"BreadcrumbList\",\"@id\":\"https:\\\/\\\/www.ehorses.de\\\/magazin\\\/cor-de-la-bryere-im-portrait\\\/#breadcrumb\",\"itemListElement\":[{\"@type\":\"ListItem\",\"position\":1,\"name\":\"Startseite\",\"item\":\"https:\\\/\\\/www.ehorses.de\\\/magazin\\\/\"},{\"@type\":\"ListItem\",\"position\":2,\"name\":\"Cor de la Bry\u00e8re im Portrait\"}]},{\"@type\":\"WebSite\",\"@id\":\"https:\\\/\\\/www.ehorses.de\\\/magazin\\\/#website\",\"url\":\"https:\\\/\\\/www.ehorses.de\\\/magazin\\\/\",\"name\":\"ehorses Magazin\",\"description\":\"\",\"potentialAction\":[{\"@type\":\"SearchAction\",\"target\":{\"@type\":\"EntryPoint\",\"urlTemplate\":\"https:\\\/\\\/www.ehorses.de\\\/magazin\\\/?s={search_term_string}\"},\"query-input\":{\"@type\":\"PropertyValueSpecification\",\"valueRequired\":true,\"valueName\":\"search_term_string\"}}],\"inLanguage\":\"de\"},{\"@type\":\"Person\",\"@id\":\"https:\\\/\\\/www.ehorses.de\\\/magazin\\\/#\\\/schema\\\/person\\\/ad08037b444745a402f0adaff6abc3be\",\"name\":\"Michelle Breitenfeld\",\"image\":{\"@type\":\"ImageObject\",\"inLanguage\":\"de\",\"@id\":\"https:\\\/\\\/www.ehorses.de\\\/magazin\\\/wp-content\\\/uploads\\\/MichelleBreitenfeld-Kopie-96x96.jpg\",\"url\":\"https:\\\/\\\/www.ehorses.de\\\/magazin\\\/wp-content\\\/uploads\\\/MichelleBreitenfeld-Kopie-96x96.jpg\",\"contentUrl\":\"https:\\\/\\\/www.ehorses.de\\\/magazin\\\/wp-content\\\/uploads\\\/MichelleBreitenfeld-Kopie-96x96.jpg\",\"caption\":\"Michelle Breitenfeld\"},\"description\":\"Michelle Breitenfeld arbeitet nach Ihrem Studium im Bereich Medienwirtschaft und Journalismus im Marketing f\u00fcr ehorses. Als Expertin f\u00fcr Pferde bekommst Du von ihr exklusive Branchen-News und Ratgeber Themen rund ums Thema Pferd. Du kannst sie unter m.breitenfeld@ehorses.de erreichen.\",\"url\":\"https:\\\/\\\/www.ehorses.de\\\/magazin\\\/author\\\/michelle-breitenfeld\\\/\"}]}<\/script>\n<!-- \/ Yoast SEO plugin. -->","yoast_head_json":{"title":"Cor de la Bry\u00e8re: Erfolge, Nachkommen & Steckbrief | ehorses Magazin","description":"Cor de la Bry\u00e8re \u27bd Steckbrief \u2713 Leben \u2713 Erfolge \u2713 Nachkommen \u27bd Jetzt mehr erfahren \u00fcber Cor de la Bry\u00e8re im ehorses Magazin!","robots":{"index":"index","follow":"follow","max-snippet":"max-snippet:-1","max-image-preview":"max-image-preview:large","max-video-preview":"max-video-preview:-1"},"canonical":"https:\/\/www.ehorses.de\/magazin\/cor-de-la-bryere-im-portrait\/","og_locale":"de_DE","og_type":"article","og_title":"Cor de la Bry\u00e8re: Erfolge, Nachkommen & Steckbrief | ehorses Magazin","og_description":"Cor de la Bry\u00e8re \u27bd Steckbrief \u2713 Leben \u2713 Erfolge \u2713 Nachkommen \u27bd Jetzt mehr erfahren \u00fcber Cor de la Bry\u00e8re im ehorses Magazin!","og_url":"https:\/\/www.ehorses.de\/magazin\/cor-de-la-bryere-im-portrait\/","og_site_name":"ehorses Magazin","article_published_time":"2017-11-14T08:00:44+00:00","article_modified_time":"2022-05-30T12:48:44+00:00","og_image":[{"width":616,"height":411,"url":"https:\/\/www.ehorses.de\/magazin\/wp-content\/uploads\/Cor-de-la-Bryere-portrait-symboldbild.jpg","type":"image\/jpeg"}],"author":"Michelle Breitenfeld","twitter_card":"summary_large_image","twitter_misc":{"Verfasst von":"Michelle Breitenfeld","Gesch\u00e4tzte Lesezeit":"7\u00a0Minuten"},"schema":{"@context":"https:\/\/schema.org","@graph":[{"@type":"Article","@id":"https:\/\/www.ehorses.de\/magazin\/cor-de-la-bryere-im-portrait\/#article","isPartOf":{"@id":"https:\/\/www.ehorses.de\/magazin\/cor-de-la-bryere-im-portrait\/"},"author":{"name":"Michelle Breitenfeld","@id":"https:\/\/www.ehorses.de\/magazin\/#\/schema\/person\/ad08037b444745a402f0adaff6abc3be"},"headline":"Cor de la Bry\u00e8re im Portrait","datePublished":"2017-11-14T08:00:44+00:00","dateModified":"2022-05-30T12:48:44+00:00","mainEntityOfPage":{"@id":"https:\/\/www.ehorses.de\/magazin\/cor-de-la-bryere-im-portrait\/"},"wordCount":1705,"image":{"@id":"https:\/\/www.ehorses.de\/magazin\/cor-de-la-bryere-im-portrait\/#primaryimage"},"thumbnailUrl":"https:\/\/www.ehorses.de\/magazin\/wp-content\/uploads\/Cor-de-la-Bryere-portrait-symboldbild.jpg","articleSection":["Deckhengste &amp; Sportpferde","Pferdesport"],"inLanguage":"de"},{"@type":"WebPage","@id":"https:\/\/www.ehorses.de\/magazin\/cor-de-la-bryere-im-portrait\/","url":"https:\/\/www.ehorses.de\/magazin\/cor-de-la-bryere-im-portrait\/","name":"Cor de la Bry\u00e8re: Erfolge, Nachkommen & Steckbrief | ehorses Magazin","isPartOf":{"@id":"https:\/\/www.ehorses.de\/magazin\/#website"},"primaryImageOfPage":{"@id":"https:\/\/www.ehorses.de\/magazin\/cor-de-la-bryere-im-portrait\/#primaryimage"},"image":{"@id":"https:\/\/www.ehorses.de\/magazin\/cor-de-la-bryere-im-portrait\/#primaryimage"},"thumbnailUrl":"https:\/\/www.ehorses.de\/magazin\/wp-content\/uploads\/Cor-de-la-Bryere-portrait-symboldbild.jpg","datePublished":"2017-11-14T08:00:44+00:00","dateModified":"2022-05-30T12:48:44+00:00","author":{"@id":"https:\/\/www.ehorses.de\/magazin\/#\/schema\/person\/ad08037b444745a402f0adaff6abc3be"},"description":"Cor de la Bry\u00e8re \u27bd Steckbrief \u2713 Leben \u2713 Erfolge \u2713 Nachkommen \u27bd Jetzt mehr erfahren \u00fcber Cor de la Bry\u00e8re im ehorses Magazin!","breadcrumb":{"@id":"https:\/\/www.ehorses.de\/magazin\/cor-de-la-bryere-im-portrait\/#breadcrumb"},"inLanguage":"de","potentialAction":[{"@type":"ReadAction","target":["https:\/\/www.ehorses.de\/magazin\/cor-de-la-bryere-im-portrait\/"]}]},{"@type":"ImageObject","inLanguage":"de","@id":"https:\/\/www.ehorses.de\/magazin\/cor-de-la-bryere-im-portrait\/#primaryimage","url":"https:\/\/www.ehorses.de\/magazin\/wp-content\/uploads\/Cor-de-la-Bryere-portrait-symboldbild.jpg","contentUrl":"https:\/\/www.ehorses.de\/magazin\/wp-content\/uploads\/Cor-de-la-Bryere-portrait-symboldbild.jpg","width":616,"height":411,"caption":"Cor de la Bry\u00e8re im Portrait symboldbild"},{"@type":"BreadcrumbList","@id":"https:\/\/www.ehorses.de\/magazin\/cor-de-la-bryere-im-portrait\/#breadcrumb","itemListElement":[{"@type":"ListItem","position":1,"name":"Startseite","item":"https:\/\/www.ehorses.de\/magazin\/"},{"@type":"ListItem","position":2,"name":"Cor de la Bry\u00e8re im Portrait"}]},{"@type":"WebSite","@id":"https:\/\/www.ehorses.de\/magazin\/#website","url":"https:\/\/www.ehorses.de\/magazin\/","name":"ehorses Magazin","description":"","potentialAction":[{"@type":"SearchAction","target":{"@type":"EntryPoint","urlTemplate":"https:\/\/www.ehorses.de\/magazin\/?s={search_term_string}"},"query-input":{"@type":"PropertyValueSpecification","valueRequired":true,"valueName":"search_term_string"}}],"inLanguage":"de"},{"@type":"Person","@id":"https:\/\/www.ehorses.de\/magazin\/#\/schema\/person\/ad08037b444745a402f0adaff6abc3be","name":"Michelle Breitenfeld","image":{"@type":"ImageObject","inLanguage":"de","@id":"https:\/\/www.ehorses.de\/magazin\/wp-content\/uploads\/MichelleBreitenfeld-Kopie-96x96.jpg","url":"https:\/\/www.ehorses.de\/magazin\/wp-content\/uploads\/MichelleBreitenfeld-Kopie-96x96.jpg","contentUrl":"https:\/\/www.ehorses.de\/magazin\/wp-content\/uploads\/MichelleBreitenfeld-Kopie-96x96.jpg","caption":"Michelle Breitenfeld"},"description":"Michelle Breitenfeld arbeitet nach Ihrem Studium im Bereich Medienwirtschaft und Journalismus im Marketing f\u00fcr ehorses. Als Expertin f\u00fcr Pferde bekommst Du von ihr exklusive Branchen-News und Ratgeber Themen rund ums Thema Pferd. Du kannst sie unter m.breitenfeld@ehorses.de erreichen.","url":"https:\/\/www.ehorses.de\/magazin\/author\/michelle-breitenfeld\/"}]}},"_links":{"self":[{"href":"https:\/\/www.ehorses.de\/magazin\/wp-json\/wp\/v2\/posts\/18778","targetHints":{"allow":["GET"]}}],"collection":[{"href":"https:\/\/www.ehorses.de\/magazin\/wp-json\/wp\/v2\/posts"}],"about":[{"href":"https:\/\/www.ehorses.de\/magazin\/wp-json\/wp\/v2\/types\/post"}],"author":[{"embeddable":true,"href":"https:\/\/www.ehorses.de\/magazin\/wp-json\/wp\/v2\/users\/129"}],"replies":[{"embeddable":true,"href":"https:\/\/www.ehorses.de\/magazin\/wp-json\/wp\/v2\/comments?post=18778"}],"version-history":[{"count":0,"href":"https:\/\/www.ehorses.de\/magazin\/wp-json\/wp\/v2\/posts\/18778\/revisions"}],"wp:featuredmedia":[{"embeddable":true,"href":"https:\/\/www.ehorses.de\/magazin\/wp-json\/wp\/v2\/media\/51612"}],"wp:attachment":[{"href":"https:\/\/www.ehorses.de\/magazin\/wp-json\/wp\/v2\/media?parent=18778"}],"wp:term":[{"taxonomy":"category","embeddable":true,"href":"https:\/\/www.ehorses.de\/magazin\/wp-json\/wp\/v2\/categories?post=18778"},{"taxonomy":"post_tag","embeddable":true,"href":"https:\/\/www.ehorses.de\/magazin\/wp-json\/wp\/v2\/tags?post=18778"}],"curies":[{"name":"wp","href":"https:\/\/api.w.org\/{rel}","templated":true}]}}