{"id":48408,"date":"2022-03-21T16:08:10","date_gmt":"2022-03-21T15:08:10","guid":{"rendered":"https:\/\/www.ehorses.de\/magazin\/?p=48408"},"modified":"2022-03-24T11:24:54","modified_gmt":"2022-03-24T10:24:54","slug":"deckhengst-jazz-im-portrait","status":"publish","type":"post","link":"https:\/\/www.ehorses.de\/magazin\/deckhengst-jazz-im-portrait\/","title":{"rendered":"Deckhengst Jazz im Portrait"},"content":{"rendered":"\t\t<div data-elementor-type=\"wp-post\" data-elementor-id=\"48408\" class=\"elementor elementor-48408\" data-elementor-post-type=\"post\">\n\t\t\t\t\t\t<section data-particle_enable=\"false\" data-particle-mobile-disabled=\"false\" class=\"penci-section penci-disSticky penci-structure-10 elementor-section elementor-top-section elementor-element elementor-element-7b93eb7 elementor-section-boxed elementor-section-height-default elementor-section-height-default\" data-id=\"7b93eb7\" data-element_type=\"section\" data-e-type=\"section\">\n\t\t\t\t\t\t<div class=\"elementor-container elementor-column-gap-default\">\n\t\t\t\t\t<div class=\"penci-ercol-100 penci-ercol-order-1 penci-sticky-ct    elementor-column elementor-col-100 elementor-top-column elementor-element elementor-element-3011047\" data-id=\"3011047\" data-element_type=\"column\" data-e-type=\"column\">\n\t\t\t<div class=\"elementor-widget-wrap elementor-element-populated\">\n\t\t\t\t\t\t<div class=\"elementor-element elementor-element-fc64c37 elementor-widget elementor-widget-text-editor\" data-id=\"fc64c37\" data-element_type=\"widget\" data-e-type=\"widget\" data-widget_type=\"text-editor.default\">\n\t\t\t\t<div class=\"elementor-widget-container\">\n\t\t\t\t\t\t\t\t\t<p><strong>Jeder Pferdeliebhaber, ob Reiter oder <a href=\"https:\/\/www.ehorses.de\/magazin\/pferdezucht\/\">Z\u00fcchter<\/a>, kennt den Namen Jazz. Der Anfang 2020 verstorbene Keur-Pr\u00e4ferenzhengst f\u00fchrte lange Zeit die Weltrangliste der Dressurvererber an und steht auch jetzt noch auf Platz drei der WBFSH. Jazz ist zwar nicht mehr am Leben, aber dank seiner immensen Zuchtkraft lebt er in seinen Nachkommen weiter, die sein Aussehen, seine Bewegungen und seinen Geist unverkennbar geerbt haben. Jazz ist noch f\u00fcr Z\u00fcchter verf\u00fcgbar.<\/strong><\/p><p><\/p>\t\t\t\t\t\t\t\t<\/div>\n\t\t\t\t<\/div>\n\t\t\t\t\t<\/div>\n\t\t<\/div>\n\t\t\t\t\t<\/div>\n\t\t<\/section>\n\t\t\t\t<section data-particle_enable=\"false\" data-particle-mobile-disabled=\"false\" class=\"penci-section penci-disSticky penci-structure-10 elementor-section elementor-top-section elementor-element elementor-element-0438eb6 elementor-section-boxed elementor-section-height-default elementor-section-height-default\" data-id=\"0438eb6\" data-element_type=\"section\" data-e-type=\"section\">\n\t\t\t\t\t\t<div class=\"elementor-container elementor-column-gap-default\">\n\t\t\t\t\t<div class=\"penci-ercol-100 penci-ercol-order-1 penci-sticky-ct    elementor-column elementor-col-100 elementor-top-column elementor-element elementor-element-9d0b36b\" data-id=\"9d0b36b\" data-element_type=\"column\" data-e-type=\"column\">\n\t\t\t<div class=\"elementor-widget-wrap elementor-element-populated\">\n\t\t\t\t\t\t<div class=\"elementor-element elementor-element-f9b680c elementor-widget elementor-widget-text-editor\" data-id=\"f9b680c\" data-element_type=\"widget\" data-e-type=\"widget\" data-widget_type=\"text-editor.default\">\n\t\t\t\t<div class=\"elementor-widget-container\">\n\t\t\t\t\t\t\t\t\t<h2>Deckhengst Jazz &#8211; Einer der besten Vererber \u00fcberhaupt<\/h2><p>Der ber\u00fchmte Hengst war in seinen jungen Jahren nicht sofort beliebt. Bei der ersten Besichtigung der KWPN-<a href=\"https:\/\/www.ehorses.de\/magazin\/korung-bei-pferden\/\">Hengstk\u00f6rung<\/a> sorgte Jazz f\u00fcr viel Wirbel. Vor allem die <strong>Konstruktion von Jazz&#8217; Hinterbein<\/strong> sorgte f\u00fcr Diskussionen. Dennoch wurde er &#8220;akzeptiert&#8221;; er fiel wirklich positiv auf und in der Bewegung st\u00f6rte ihn sein angewinkeltes Hinterbein \u00fcberhaupt nicht.<\/p><p>Das Komitee hat seine Entscheidung nie bereut, denn Jazz wurde zu einem <strong>Weltsportpferd<\/strong> und\u00a0 erfolgreichem Vererber. Sein Einfluss auf die modernen Dressurpferde ist bis heute un\u00fcbertroffen.<\/p><div id=\"attachment_48415\" style=\"width: 693px\" class=\"wp-caption aligncenter\"><img fetchpriority=\"high\" decoding=\"async\" aria-describedby=\"caption-attachment-48415\" class=\"size-full wp-image-48415\" src=\"https:\/\/www.ehorses.de\/magazin\/wp-content\/uploads\/Deckhengst-Jazz-Kopf.jpg\" alt=\"Deckhengst Jazz_ Kopf\" width=\"683\" height=\"1024\" srcset=\"https:\/\/www.ehorses.de\/magazin\/wp-content\/uploads\/Deckhengst-Jazz-Kopf.jpg 683w, https:\/\/www.ehorses.de\/magazin\/wp-content\/uploads\/Deckhengst-Jazz-Kopf-200x300.jpg 200w, https:\/\/www.ehorses.de\/magazin\/wp-content\/uploads\/Deckhengst-Jazz-Kopf-585x877.jpg 585w\" sizes=\"(max-width: 683px) 100vw, 683px\" \/><p id=\"caption-attachment-48415\" class=\"wp-caption-text\">Jazz wurde zu einem Weltsportpferd und Vererber. Sein Einfluss auf die modernen Dressurpferde ist un\u00fcbertroffen.<\/p><\/div>\t\t\t\t\t\t\t\t<\/div>\n\t\t\t\t<\/div>\n\t\t\t\t\t<\/div>\n\t\t<\/div>\n\t\t\t\t\t<\/div>\n\t\t<\/section>\n\t\t\t\t<section data-particle_enable=\"false\" data-particle-mobile-disabled=\"false\" class=\"penci-section penci-disSticky penci-structure-10 elementor-section elementor-top-section elementor-element elementor-element-1ba63bc elementor-section-boxed elementor-section-height-default elementor-section-height-default\" data-id=\"1ba63bc\" data-element_type=\"section\" data-e-type=\"section\">\n\t\t\t\t\t\t<div class=\"elementor-container elementor-column-gap-default\">\n\t\t\t\t\t<div class=\"penci-ercol-100 penci-ercol-order-1 penci-sticky-ct    elementor-column elementor-col-100 elementor-top-column elementor-element elementor-element-2093287\" data-id=\"2093287\" data-element_type=\"column\" data-e-type=\"column\">\n\t\t\t<div class=\"elementor-widget-wrap elementor-element-populated\">\n\t\t\t\t\t\t<div class=\"elementor-element elementor-element-6d1d3aa elementor-widget elementor-widget-text-editor\" data-id=\"6d1d3aa\" data-element_type=\"widget\" data-e-type=\"widget\" data-widget_type=\"text-editor.default\">\n\t\t\t\t<div class=\"elementor-widget-container\">\n\t\t\t\t\t\t\t\t\t<h2>Steckbrief: Eckdaten zu Jazz im \u00dcberblick<\/h2>\n<div class=\"pcrstb-wrap\"><table>\n<tbody>\n<tr>\n<td><strong>Geboren<\/strong><\/td>\n<td>1991<\/td>\n<\/tr>\n<tr>\n<td><strong>Rasse<\/strong><\/td>\n<td><a href=\"https:\/\/www.ehorses.de\/magazin\/pferderassen\/kwpn\/\">KWPN<\/a><\/td>\n<\/tr>\n<tr>\n<td><strong>Farbe<\/strong><\/td>\n<td>Fuchs<\/td>\n<\/tr>\n<tr>\n<td><strong>Stockma\u00df<\/strong><\/td>\n<td>173 Zentimeter<\/td>\n<\/tr>\n<tr>\n<td><strong>Z\u00fcchter<\/strong><\/td>\n<td>Huub en Tiny van Helvoirt, Rosmalen<\/td>\n<\/tr>\n<tr>\n<td><strong>Anerkannt<\/strong><\/td>\n<td>KWPN, Hannover, Oldenburg, SWB, SF, Rheinland<\/td>\n<\/tr>\n<\/tbody>\n<\/table><\/div>\t\t\t\t\t\t\t\t<\/div>\n\t\t\t\t<\/div>\n\t\t\t\t<div class=\"elementor-element elementor-element-54bd040 elementor-widget elementor-widget-text-editor\" data-id=\"54bd040\" data-element_type=\"widget\" data-e-type=\"widget\" data-widget_type=\"text-editor.default\">\n\t\t\t\t<div class=\"elementor-widget-container\">\n\t\t\t\t\t\t\t\t\t<h2>Stammbaum von Jazz<\/h2>\n<div class=\"pcrstb-wrap\"><table>\n<tbody>\n<tr style=\"height: 26px;\">\n<td style=\"height: 207px; text-align: center;\" rowspan=\"8\"><strong>Jazz<\/strong>\u00a0\u2642<\/td>\n<td style=\"height: 104px; text-align: center;\" rowspan=\"4\"><b>Cocktail <\/b>\u2642<\/td>\n<td style=\"height: 52px; text-align: center;\" rowspan=\"2\"><b>Purioso<\/b>\u2642<\/td>\n<td style=\"height: 26px; text-align: center;\"><strong>Furiose II <\/strong>\u2642<\/td>\n<\/tr>\n<tr style=\"height: 26px;\">\n<td style=\"height: 26px; text-align: center;\"><strong>Alinda <\/strong>\u2640<\/td>\n<\/tr>\n<tr style=\"height: 26px;\">\n<td style=\"height: 52px; text-align: center;\" rowspan=\"2\"><strong>Ulissa<\/strong>\u2640<\/td>\n<td style=\"height: 26px; text-align: center;\"><strong>Le val blanc xx <\/strong>\u2642<\/td>\n<\/tr>\n<tr style=\"height: 26px;\">\n<td style=\"height: 26px; text-align: center;\"><b>Paula <\/b>\u2640<\/td>\n<\/tr>\n<tr style=\"height: 25px;\">\n<td style=\"height: 103px; text-align: center;\" rowspan=\"4\"><b>Charmante <\/b>\u2640<\/td>\n<td style=\"height: 51px; text-align: center;\" rowspan=\"2\"><strong>Ulster <\/strong>\u2642<\/td>\n<td style=\"height: 25px; text-align: center;\"><b>Nimmerdor <\/b>\u2642<\/td>\n<\/tr>\n<tr style=\"height: 26px;\">\n<td style=\"height: 26px; text-align: center;\"><b>Luckey ster pref<\/b>\u2640<\/td>\n<\/tr>\n<tr style=\"height: 26px;\">\n<td style=\"height: 52px; text-align: center;\" rowspan=\"2\"><b>Warmante <\/b>\u2640<\/td>\n<td style=\"height: 26px; text-align: center;\"><strong>Amor keur pref<\/strong>\u00a0\u2642<\/td>\n<\/tr>\n<tr style=\"height: 26px;\">\n<td style=\"height: 26px; text-align: center;\"><b>Parmante <\/b>\u2640<\/td>\n<\/tr>\n<\/tbody>\n<\/table><\/div>\t\t\t\t\t\t\t\t<\/div>\n\t\t\t\t<\/div>\n\t\t\t\t<div class=\"elementor-element elementor-element-6e17447 elementor-widget elementor-widget-text-editor\" data-id=\"6e17447\" data-element_type=\"widget\" data-e-type=\"widget\" data-widget_type=\"text-editor.default\">\n\t\t\t\t<div class=\"elementor-widget-container\">\n\t\t\t\t\t\t\t\t\t<h2>Leben und Erfolge des Hengstes Jazz<\/h2><p>Als 1991 in den St\u00e4llen von Huub van Helvoirt ein langbeiniges Fuchsfohlen geboren wurde, hatte sein Z\u00fcchter vom ersten Tag an gro\u00dfes Vertrauen in ihn: &#8220;Vom ersten Moment an hatte er die stolze Haltung und das intelligente Auftreten, die f\u00fcr ihn und seine Nachkommen so charakteristisch sind&#8221;, so van Helvoirt. &#8220;Jazz war<strong> schon immer ein sehr sch\u00f6nes Pferd<\/strong>. Gl\u00fccklicherweise wurde er zu den richtigen Leuten gebracht, die ihn professionell ausbildeten. Als Zuchtpferd hatte er schnell den Ruf, einen schwierigen Charakter zu vererben, aber wenn man seine Nachkommen gut behandelte, gab es keinen Grund zur Sorge.&#8221;<\/p><div id=\"attachment_48414\" style=\"width: 1034px\" class=\"wp-caption aligncenter\"><img decoding=\"async\" aria-describedby=\"caption-attachment-48414\" class=\"size-full wp-image-48414\" src=\"https:\/\/www.ehorses.de\/magazin\/wp-content\/uploads\/Deckhengst-Jazz-Kirsten-Arnd-Fotografie.jpg\" alt=\"Deckhengst Jazz Kirsten Arnd Fotografie\" width=\"1024\" height=\"648\" srcset=\"https:\/\/www.ehorses.de\/magazin\/wp-content\/uploads\/Deckhengst-Jazz-Kirsten-Arnd-Fotografie.jpg 1024w, https:\/\/www.ehorses.de\/magazin\/wp-content\/uploads\/Deckhengst-Jazz-Kirsten-Arnd-Fotografie-300x190.jpg 300w, https:\/\/www.ehorses.de\/magazin\/wp-content\/uploads\/Deckhengst-Jazz-Kirsten-Arnd-Fotografie-768x486.jpg 768w, https:\/\/www.ehorses.de\/magazin\/wp-content\/uploads\/Deckhengst-Jazz-Kirsten-Arnd-Fotografie-585x370.jpg 585w\" sizes=\"(max-width: 1024px) 100vw, 1024px\" \/><p id=\"caption-attachment-48414\" class=\"wp-caption-text\">&#8220;Jazz war schon immer ein sehr sch\u00f6nes Pferd.&#8221; (Arndt Fotografie)<\/p><\/div><p>&#8220;Jazz hat mit Sicherheit seine Spuren in der Dressurzucht hinterlassen. Schaut man sich seine S\u00f6hne und T\u00f6chter an, kann man ihn immer wieder erkennen, auch in der zweiten und dritten Generation. Er wurde als junger Hengst viel kritisiert, und das hat mir sehr wehgetan, aber ich habe ihn sehr oft bei meinen Stuten eingesetzt, und er hat mir so viel Gutes gebracht. <strong>Jazz hat mich zum Z\u00fcchter des Jahres gemacht.<\/strong> Er war zweimal Pferd des Jahres und noch nie stand ein Hengst aus dem KWPN-Stutbuch an der Spitze der Weltrangliste!&#8221;<\/p>\t\t\t\t\t\t\t\t<\/div>\n\t\t\t\t<\/div>\n\t\t\t\t<div class=\"elementor-element elementor-element-a53985c elementor-widget elementor-widget-text-editor\" data-id=\"a53985c\" data-element_type=\"widget\" data-e-type=\"widget\" data-widget_type=\"text-editor.default\">\n\t\t\t\t<div class=\"elementor-widget-container\">\n\t\t\t\t\t\t\t\t\t<h2>Nachkommen von Jazz<\/h2>\n<h3>Gek\u00f6rte S\u00f6hne und Top-Stuten<\/h3>\nNeben einer beeindruckenden internationalen Dressurkarriere mit Tineke Bartels und Kirsten Beckers hat Jazz mehr als <strong>3000 (!) Nachkommen<\/strong> <strong>hinterlassen<\/strong>. Jazz ist seit fast drei Jahrzehnten einflussreich in der Zucht: eine gro\u00dfe Anzahl von S\u00f6hnen sowohl in den Niederlanden als auch im Ausland wurde von allen wichtigen Zuchtb\u00fcchern anerkannt. Obwohl unterschiedlich in der Farbe, sehr einheitlich in Bewegung und Pr\u00e4sentation; mit viel Front und Bewegungsfreude. Dies gilt auch f\u00fcr gek\u00f6rte Hengste mit Jazz-Blut in der zweiten oder sogar dritten Generation.\n<h3>Zuchtstuten und Grand Prix-Pferde<\/h3>\nT\u00f6chter von Jazz sind in den Pr\u00e4dikaten Elite, Preferent und &#8216;Prestatie&#8217; (Leistung) ausgezeichnet und Jazz hat eine<strong> gro\u00dfe Anzahl von PAVO-Cup-Siegern<\/strong> (Jungpferdepr\u00fcfung) hervorgebracht. Direkt von Jazz stammen auch mehr als hundert Pferde ab, die in internationalen Grand Prix ausgezeichnet wurden. Aus der Nachzucht der S\u00f6hne und T\u00f6chter von Jazz, ein Vielfaches davon.\n<h3>Noch f\u00fcr die Zucht verf\u00fcgbar<\/h3>\nJazz lebt unverkennbar in seinen (Urenkel-)Kindern weiter und wird von den gro\u00dfen und kleinen Dressurpferdez\u00fcchtern in aller Welt gesch\u00e4tzt. Die gute Nachricht f\u00fcr diese begeisterten Z\u00fcchter: Jazz ist nicht mehr unter uns, aber <strong><a href=\"https:\/\/hengstjazz.nl\" target=\"_blank\" rel=\"noopener nofollow\">gek\u00fchltes Sperma ist noch erh\u00e4ltlich<\/a>.<\/strong>\n<h3>Die erfolgreichsten Jazz-Nachkommen<\/h3>\nDie Liste der exzellenten Jazz-Nachkommen ist endlos, aber hier einige<strong> herausragende internationale Grand Prix-Pferde<\/strong> und Zuchtstuten, die von Jazz abstammen:\n\n1. Parzival und Adelinde Cornelissen\n2. Blue Horse Don Olymbrio und Daniel Bachmann Andersen\/Nanna Skodborg Merrald\n3. GLOCK&#8217;s Johnson TN und Hans Peter Minderhoud\n4. Wynton und Madeleine Witte\n5. Electra und Lynne Maas\n6. Toots und Imke Schellekens-Bartels\/Akane Kuroki\n7. Vira (<a href=\"https:\/\/www.ehorses.de\/magazin\/disziplinen\/vielseitigkeitsreiten\/\">Vielseitigkeit<\/a>) und Elaine Pen\n8. Zarah Obertje &#8211; Siegerin der Nationalen Stutenschau der dreij\u00e4hrigen Dressurstuten\n9. En Vogue und Carl Hester\n&nbsp;\n\n<div id=\"attachment_48413\" style=\"width: 1034px\" class=\"wp-caption aligncenter\"><img decoding=\"async\" aria-describedby=\"caption-attachment-48413\" class=\"wp-image-48413 size-full\" src=\"https:\/\/www.ehorses.de\/magazin\/wp-content\/uploads\/Deckhengst-Jazz-Parzival-Adelinde-Arnd-Fotografie.jpg\" alt=\"Deckhengst Jazz-Parzival Adelinde - Arnd Fotografie\" width=\"1024\" height=\"641\" srcset=\"https:\/\/www.ehorses.de\/magazin\/wp-content\/uploads\/Deckhengst-Jazz-Parzival-Adelinde-Arnd-Fotografie.jpg 1024w, https:\/\/www.ehorses.de\/magazin\/wp-content\/uploads\/Deckhengst-Jazz-Parzival-Adelinde-Arnd-Fotografie-300x188.jpg 300w, https:\/\/www.ehorses.de\/magazin\/wp-content\/uploads\/Deckhengst-Jazz-Parzival-Adelinde-Arnd-Fotografie-768x481.jpg 768w, https:\/\/www.ehorses.de\/magazin\/wp-content\/uploads\/Deckhengst-Jazz-Parzival-Adelinde-Arnd-Fotografie-585x366.jpg 585w\" sizes=\"(max-width: 1024px) 100vw, 1024px\" \/><p id=\"caption-attachment-48413\" class=\"wp-caption-text\">Parzival und Adelinde Cornelissen &#8211; Arnd Fotografie<\/p><\/div>\t\t\t\t\t\t\t\t<\/div>\n\t\t\t\t<\/div>\n\t\t\t\t\t<\/div>\n\t\t<\/div>\n\t\t\t\t\t<\/div>\n\t\t<\/section>\n\t\t\t\t<\/div>\n\t\t","protected":false},"excerpt":{"rendered":"<p>Jeder Pferdeliebhaber, ob Reiter oder Z\u00fcchter, kennt den Namen Jazz. Der Anfang 2020 verstorbene Keur-Pr\u00e4ferenzhengst&hellip;<\/p>\n","protected":false},"author":129,"featured_media":48409,"comment_status":"open","ping_status":"closed","sticky":false,"template":"","format":"standard","meta":{"_lmt_disableupdate":"","_lmt_disable":"","footnotes":""},"categories":[34,2],"tags":[],"class_list":["post-48408","post","type-post","status-publish","format-standard","has-post-thumbnail","hentry","category-deckhengste-sportpferde","category-pferdesport"],"_oembed_6e2261a90c0f61b3f6e5cbf5248ae69a":null,"_oembed_d83ed97665bbfe5cbf2a5acd0571bfe8":null,"_oembed_879340bd3c064234a240bcda2f369c23":null,"_oembed_519616b8842fb308e7a3039c04f55a79":null,"yoast_head":"<!-- This site is optimized with the Yoast SEO plugin v27.5 - https:\/\/yoast.com\/product\/yoast-seo-wordpress\/ -->\n<title>Deckhengst Jazz im Portrait - ehorses Magazin<\/title>\n<meta name=\"description\" content=\"Deckhengst Jazz im Portrait \u27bd Steckbrief \u2713 Leben \u2713 Erfolge \u2713 Nachkommen \u27bd Jetzt mehr erfahren im ehorses Magazin!\" \/>\n<meta name=\"robots\" content=\"index, follow, max-snippet:-1, max-image-preview:large, max-video-preview:-1\" \/>\n<link rel=\"canonical\" href=\"https:\/\/www.ehorses.de\/magazin\/deckhengst-jazz-im-portrait\/\" \/>\n<meta property=\"og:locale\" content=\"de_DE\" \/>\n<meta property=\"og:type\" content=\"article\" \/>\n<meta property=\"og:title\" content=\"Deckhengst Jazz im Portrait - ehorses Magazin\" \/>\n<meta property=\"og:description\" content=\"Deckhengst Jazz im Portrait \u27bd Steckbrief \u2713 Leben \u2713 Erfolge \u2713 Nachkommen \u27bd Jetzt mehr erfahren im ehorses Magazin!\" \/>\n<meta property=\"og:url\" content=\"https:\/\/www.ehorses.de\/magazin\/deckhengst-jazz-im-portrait\/\" \/>\n<meta property=\"og:site_name\" content=\"ehorses Magazin\" \/>\n<meta property=\"article:published_time\" content=\"2022-03-21T15:08:10+00:00\" \/>\n<meta property=\"article:modified_time\" content=\"2022-03-24T10:24:54+00:00\" \/>\n<meta property=\"og:image\" content=\"https:\/\/www.ehorses.de\/magazin\/wp-content\/uploads\/deckhengst-jazz-von-der-seite.jpg\" \/>\n\t<meta property=\"og:image:width\" content=\"1024\" \/>\n\t<meta property=\"og:image:height\" content=\"733\" \/>\n\t<meta property=\"og:image:type\" content=\"image\/jpeg\" \/>\n<meta name=\"author\" content=\"Michelle Breitenfeld\" \/>\n<meta name=\"twitter:card\" content=\"summary_large_image\" \/>\n<meta name=\"twitter:label1\" content=\"Verfasst von\" \/>\n\t<meta name=\"twitter:data1\" content=\"Michelle Breitenfeld\" \/>\n\t<meta name=\"twitter:label2\" content=\"Gesch\u00e4tzte Lesezeit\" \/>\n\t<meta name=\"twitter:data2\" content=\"5\u00a0Minuten\" \/>\n<script type=\"application\/ld+json\" class=\"yoast-schema-graph\">{\"@context\":\"https:\\\/\\\/schema.org\",\"@graph\":[{\"@type\":\"Article\",\"@id\":\"https:\\\/\\\/www.ehorses.de\\\/magazin\\\/deckhengst-jazz-im-portrait\\\/#article\",\"isPartOf\":{\"@id\":\"https:\\\/\\\/www.ehorses.de\\\/magazin\\\/deckhengst-jazz-im-portrait\\\/\"},\"author\":{\"name\":\"Michelle Breitenfeld\",\"@id\":\"https:\\\/\\\/www.ehorses.de\\\/magazin\\\/#\\\/schema\\\/person\\\/ad08037b444745a402f0adaff6abc3be\"},\"headline\":\"Deckhengst Jazz im Portrait\",\"datePublished\":\"2022-03-21T15:08:10+00:00\",\"dateModified\":\"2022-03-24T10:24:54+00:00\",\"mainEntityOfPage\":{\"@id\":\"https:\\\/\\\/www.ehorses.de\\\/magazin\\\/deckhengst-jazz-im-portrait\\\/\"},\"wordCount\":767,\"commentCount\":0,\"image\":{\"@id\":\"https:\\\/\\\/www.ehorses.de\\\/magazin\\\/deckhengst-jazz-im-portrait\\\/#primaryimage\"},\"thumbnailUrl\":\"https:\\\/\\\/www.ehorses.de\\\/magazin\\\/wp-content\\\/uploads\\\/deckhengst-jazz-von-der-seite.jpg\",\"articleSection\":[\"Deckhengste &amp; Sportpferde\",\"Pferdesport\"],\"inLanguage\":\"de\",\"potentialAction\":[{\"@type\":\"CommentAction\",\"name\":\"Comment\",\"target\":[\"https:\\\/\\\/www.ehorses.de\\\/magazin\\\/deckhengst-jazz-im-portrait\\\/#respond\"]}]},{\"@type\":\"WebPage\",\"@id\":\"https:\\\/\\\/www.ehorses.de\\\/magazin\\\/deckhengst-jazz-im-portrait\\\/\",\"url\":\"https:\\\/\\\/www.ehorses.de\\\/magazin\\\/deckhengst-jazz-im-portrait\\\/\",\"name\":\"Deckhengst Jazz im Portrait - ehorses Magazin\",\"isPartOf\":{\"@id\":\"https:\\\/\\\/www.ehorses.de\\\/magazin\\\/#website\"},\"primaryImageOfPage\":{\"@id\":\"https:\\\/\\\/www.ehorses.de\\\/magazin\\\/deckhengst-jazz-im-portrait\\\/#primaryimage\"},\"image\":{\"@id\":\"https:\\\/\\\/www.ehorses.de\\\/magazin\\\/deckhengst-jazz-im-portrait\\\/#primaryimage\"},\"thumbnailUrl\":\"https:\\\/\\\/www.ehorses.de\\\/magazin\\\/wp-content\\\/uploads\\\/deckhengst-jazz-von-der-seite.jpg\",\"datePublished\":\"2022-03-21T15:08:10+00:00\",\"dateModified\":\"2022-03-24T10:24:54+00:00\",\"author\":{\"@id\":\"https:\\\/\\\/www.ehorses.de\\\/magazin\\\/#\\\/schema\\\/person\\\/ad08037b444745a402f0adaff6abc3be\"},\"description\":\"Deckhengst Jazz im Portrait \u27bd Steckbrief \u2713 Leben \u2713 Erfolge \u2713 Nachkommen \u27bd Jetzt mehr erfahren im ehorses Magazin!\",\"breadcrumb\":{\"@id\":\"https:\\\/\\\/www.ehorses.de\\\/magazin\\\/deckhengst-jazz-im-portrait\\\/#breadcrumb\"},\"inLanguage\":\"de\",\"potentialAction\":[{\"@type\":\"ReadAction\",\"target\":[\"https:\\\/\\\/www.ehorses.de\\\/magazin\\\/deckhengst-jazz-im-portrait\\\/\"]}]},{\"@type\":\"ImageObject\",\"inLanguage\":\"de\",\"@id\":\"https:\\\/\\\/www.ehorses.de\\\/magazin\\\/deckhengst-jazz-im-portrait\\\/#primaryimage\",\"url\":\"https:\\\/\\\/www.ehorses.de\\\/magazin\\\/wp-content\\\/uploads\\\/deckhengst-jazz-von-der-seite.jpg\",\"contentUrl\":\"https:\\\/\\\/www.ehorses.de\\\/magazin\\\/wp-content\\\/uploads\\\/deckhengst-jazz-von-der-seite.jpg\",\"width\":1024,\"height\":733,\"caption\":\"deckhengst-jazz-von-der-seite\"},{\"@type\":\"BreadcrumbList\",\"@id\":\"https:\\\/\\\/www.ehorses.de\\\/magazin\\\/deckhengst-jazz-im-portrait\\\/#breadcrumb\",\"itemListElement\":[{\"@type\":\"ListItem\",\"position\":1,\"name\":\"Startseite\",\"item\":\"https:\\\/\\\/www.ehorses.de\\\/magazin\\\/\"},{\"@type\":\"ListItem\",\"position\":2,\"name\":\"Deckhengst Jazz im Portrait\"}]},{\"@type\":\"WebSite\",\"@id\":\"https:\\\/\\\/www.ehorses.de\\\/magazin\\\/#website\",\"url\":\"https:\\\/\\\/www.ehorses.de\\\/magazin\\\/\",\"name\":\"ehorses Magazin\",\"description\":\"\",\"potentialAction\":[{\"@type\":\"SearchAction\",\"target\":{\"@type\":\"EntryPoint\",\"urlTemplate\":\"https:\\\/\\\/www.ehorses.de\\\/magazin\\\/?s={search_term_string}\"},\"query-input\":{\"@type\":\"PropertyValueSpecification\",\"valueRequired\":true,\"valueName\":\"search_term_string\"}}],\"inLanguage\":\"de\"},{\"@type\":\"Person\",\"@id\":\"https:\\\/\\\/www.ehorses.de\\\/magazin\\\/#\\\/schema\\\/person\\\/ad08037b444745a402f0adaff6abc3be\",\"name\":\"Michelle Breitenfeld\",\"image\":{\"@type\":\"ImageObject\",\"inLanguage\":\"de\",\"@id\":\"https:\\\/\\\/www.ehorses.de\\\/magazin\\\/wp-content\\\/uploads\\\/MichelleBreitenfeld-Kopie-96x96.jpg\",\"url\":\"https:\\\/\\\/www.ehorses.de\\\/magazin\\\/wp-content\\\/uploads\\\/MichelleBreitenfeld-Kopie-96x96.jpg\",\"contentUrl\":\"https:\\\/\\\/www.ehorses.de\\\/magazin\\\/wp-content\\\/uploads\\\/MichelleBreitenfeld-Kopie-96x96.jpg\",\"caption\":\"Michelle Breitenfeld\"},\"description\":\"Michelle Breitenfeld arbeitet nach Ihrem Studium im Bereich Medienwirtschaft und Journalismus im Marketing f\u00fcr ehorses. Als Expertin f\u00fcr Pferde bekommst Du von ihr exklusive Branchen-News und Ratgeber Themen rund ums Thema Pferd. Du kannst sie unter m.breitenfeld@ehorses.de erreichen.\",\"url\":\"https:\\\/\\\/www.ehorses.de\\\/magazin\\\/author\\\/michelle-breitenfeld\\\/\"}]}<\/script>\n<!-- \/ Yoast SEO plugin. -->","yoast_head_json":{"title":"Deckhengst Jazz im Portrait - ehorses Magazin","description":"Deckhengst Jazz im Portrait \u27bd Steckbrief \u2713 Leben \u2713 Erfolge \u2713 Nachkommen \u27bd Jetzt mehr erfahren im ehorses Magazin!","robots":{"index":"index","follow":"follow","max-snippet":"max-snippet:-1","max-image-preview":"max-image-preview:large","max-video-preview":"max-video-preview:-1"},"canonical":"https:\/\/www.ehorses.de\/magazin\/deckhengst-jazz-im-portrait\/","og_locale":"de_DE","og_type":"article","og_title":"Deckhengst Jazz im Portrait - ehorses Magazin","og_description":"Deckhengst Jazz im Portrait \u27bd Steckbrief \u2713 Leben \u2713 Erfolge \u2713 Nachkommen \u27bd Jetzt mehr erfahren im ehorses Magazin!","og_url":"https:\/\/www.ehorses.de\/magazin\/deckhengst-jazz-im-portrait\/","og_site_name":"ehorses Magazin","article_published_time":"2022-03-21T15:08:10+00:00","article_modified_time":"2022-03-24T10:24:54+00:00","og_image":[{"width":1024,"height":733,"url":"https:\/\/www.ehorses.de\/magazin\/wp-content\/uploads\/deckhengst-jazz-von-der-seite.jpg","type":"image\/jpeg"}],"author":"Michelle Breitenfeld","twitter_card":"summary_large_image","twitter_misc":{"Verfasst von":"Michelle Breitenfeld","Gesch\u00e4tzte Lesezeit":"5\u00a0Minuten"},"schema":{"@context":"https:\/\/schema.org","@graph":[{"@type":"Article","@id":"https:\/\/www.ehorses.de\/magazin\/deckhengst-jazz-im-portrait\/#article","isPartOf":{"@id":"https:\/\/www.ehorses.de\/magazin\/deckhengst-jazz-im-portrait\/"},"author":{"name":"Michelle Breitenfeld","@id":"https:\/\/www.ehorses.de\/magazin\/#\/schema\/person\/ad08037b444745a402f0adaff6abc3be"},"headline":"Deckhengst Jazz im Portrait","datePublished":"2022-03-21T15:08:10+00:00","dateModified":"2022-03-24T10:24:54+00:00","mainEntityOfPage":{"@id":"https:\/\/www.ehorses.de\/magazin\/deckhengst-jazz-im-portrait\/"},"wordCount":767,"commentCount":0,"image":{"@id":"https:\/\/www.ehorses.de\/magazin\/deckhengst-jazz-im-portrait\/#primaryimage"},"thumbnailUrl":"https:\/\/www.ehorses.de\/magazin\/wp-content\/uploads\/deckhengst-jazz-von-der-seite.jpg","articleSection":["Deckhengste &amp; Sportpferde","Pferdesport"],"inLanguage":"de","potentialAction":[{"@type":"CommentAction","name":"Comment","target":["https:\/\/www.ehorses.de\/magazin\/deckhengst-jazz-im-portrait\/#respond"]}]},{"@type":"WebPage","@id":"https:\/\/www.ehorses.de\/magazin\/deckhengst-jazz-im-portrait\/","url":"https:\/\/www.ehorses.de\/magazin\/deckhengst-jazz-im-portrait\/","name":"Deckhengst Jazz im Portrait - ehorses Magazin","isPartOf":{"@id":"https:\/\/www.ehorses.de\/magazin\/#website"},"primaryImageOfPage":{"@id":"https:\/\/www.ehorses.de\/magazin\/deckhengst-jazz-im-portrait\/#primaryimage"},"image":{"@id":"https:\/\/www.ehorses.de\/magazin\/deckhengst-jazz-im-portrait\/#primaryimage"},"thumbnailUrl":"https:\/\/www.ehorses.de\/magazin\/wp-content\/uploads\/deckhengst-jazz-von-der-seite.jpg","datePublished":"2022-03-21T15:08:10+00:00","dateModified":"2022-03-24T10:24:54+00:00","author":{"@id":"https:\/\/www.ehorses.de\/magazin\/#\/schema\/person\/ad08037b444745a402f0adaff6abc3be"},"description":"Deckhengst Jazz im Portrait \u27bd Steckbrief \u2713 Leben \u2713 Erfolge \u2713 Nachkommen \u27bd Jetzt mehr erfahren im ehorses Magazin!","breadcrumb":{"@id":"https:\/\/www.ehorses.de\/magazin\/deckhengst-jazz-im-portrait\/#breadcrumb"},"inLanguage":"de","potentialAction":[{"@type":"ReadAction","target":["https:\/\/www.ehorses.de\/magazin\/deckhengst-jazz-im-portrait\/"]}]},{"@type":"ImageObject","inLanguage":"de","@id":"https:\/\/www.ehorses.de\/magazin\/deckhengst-jazz-im-portrait\/#primaryimage","url":"https:\/\/www.ehorses.de\/magazin\/wp-content\/uploads\/deckhengst-jazz-von-der-seite.jpg","contentUrl":"https:\/\/www.ehorses.de\/magazin\/wp-content\/uploads\/deckhengst-jazz-von-der-seite.jpg","width":1024,"height":733,"caption":"deckhengst-jazz-von-der-seite"},{"@type":"BreadcrumbList","@id":"https:\/\/www.ehorses.de\/magazin\/deckhengst-jazz-im-portrait\/#breadcrumb","itemListElement":[{"@type":"ListItem","position":1,"name":"Startseite","item":"https:\/\/www.ehorses.de\/magazin\/"},{"@type":"ListItem","position":2,"name":"Deckhengst Jazz im Portrait"}]},{"@type":"WebSite","@id":"https:\/\/www.ehorses.de\/magazin\/#website","url":"https:\/\/www.ehorses.de\/magazin\/","name":"ehorses Magazin","description":"","potentialAction":[{"@type":"SearchAction","target":{"@type":"EntryPoint","urlTemplate":"https:\/\/www.ehorses.de\/magazin\/?s={search_term_string}"},"query-input":{"@type":"PropertyValueSpecification","valueRequired":true,"valueName":"search_term_string"}}],"inLanguage":"de"},{"@type":"Person","@id":"https:\/\/www.ehorses.de\/magazin\/#\/schema\/person\/ad08037b444745a402f0adaff6abc3be","name":"Michelle Breitenfeld","image":{"@type":"ImageObject","inLanguage":"de","@id":"https:\/\/www.ehorses.de\/magazin\/wp-content\/uploads\/MichelleBreitenfeld-Kopie-96x96.jpg","url":"https:\/\/www.ehorses.de\/magazin\/wp-content\/uploads\/MichelleBreitenfeld-Kopie-96x96.jpg","contentUrl":"https:\/\/www.ehorses.de\/magazin\/wp-content\/uploads\/MichelleBreitenfeld-Kopie-96x96.jpg","caption":"Michelle Breitenfeld"},"description":"Michelle Breitenfeld arbeitet nach Ihrem Studium im Bereich Medienwirtschaft und Journalismus im Marketing f\u00fcr ehorses. Als Expertin f\u00fcr Pferde bekommst Du von ihr exklusive Branchen-News und Ratgeber Themen rund ums Thema Pferd. Du kannst sie unter m.breitenfeld@ehorses.de erreichen.","url":"https:\/\/www.ehorses.de\/magazin\/author\/michelle-breitenfeld\/"}]}},"_links":{"self":[{"href":"https:\/\/www.ehorses.de\/magazin\/wp-json\/wp\/v2\/posts\/48408","targetHints":{"allow":["GET"]}}],"collection":[{"href":"https:\/\/www.ehorses.de\/magazin\/wp-json\/wp\/v2\/posts"}],"about":[{"href":"https:\/\/www.ehorses.de\/magazin\/wp-json\/wp\/v2\/types\/post"}],"author":[{"embeddable":true,"href":"https:\/\/www.ehorses.de\/magazin\/wp-json\/wp\/v2\/users\/129"}],"replies":[{"embeddable":true,"href":"https:\/\/www.ehorses.de\/magazin\/wp-json\/wp\/v2\/comments?post=48408"}],"version-history":[{"count":0,"href":"https:\/\/www.ehorses.de\/magazin\/wp-json\/wp\/v2\/posts\/48408\/revisions"}],"wp:featuredmedia":[{"embeddable":true,"href":"https:\/\/www.ehorses.de\/magazin\/wp-json\/wp\/v2\/media\/48409"}],"wp:attachment":[{"href":"https:\/\/www.ehorses.de\/magazin\/wp-json\/wp\/v2\/media?parent=48408"}],"wp:term":[{"taxonomy":"category","embeddable":true,"href":"https:\/\/www.ehorses.de\/magazin\/wp-json\/wp\/v2\/categories?post=48408"},{"taxonomy":"post_tag","embeddable":true,"href":"https:\/\/www.ehorses.de\/magazin\/wp-json\/wp\/v2\/tags?post=48408"}],"curies":[{"name":"wp","href":"https:\/\/api.w.org\/{rel}","templated":true}]}}