{"id":52315,"date":"2022-06-26T16:53:04","date_gmt":"2022-06-26T14:53:04","guid":{"rendered":"https:\/\/www.ehorses.de\/magazin\/?p=52315"},"modified":"2022-07-01T13:37:51","modified_gmt":"2022-07-01T11:37:51","slug":"nesselfieber-pferd","status":"publish","type":"post","link":"https:\/\/www.ehorses.de\/magazin\/nesselfieber-pferd\/","title":{"rendered":"Nesselfieber beim Pferd"},"content":{"rendered":"\t\t<div data-elementor-type=\"wp-post\" data-elementor-id=\"52315\" class=\"elementor elementor-52315\" data-elementor-post-type=\"post\">\n\t\t\t\t\t\t<section data-particle_enable=\"false\" data-particle-mobile-disabled=\"false\" class=\"penci-section penci-disSticky penci-structure-10 elementor-section elementor-top-section elementor-element elementor-element-731c1f8 elementor-section-boxed elementor-section-height-default elementor-section-height-default\" data-id=\"731c1f8\" data-element_type=\"section\" data-e-type=\"section\">\n\t\t\t\t\t\t<div class=\"elementor-container elementor-column-gap-default\">\n\t\t\t\t\t<div class=\"penci-ercol-100 penci-ercol-order-1 penci-sticky-ct    elementor-column elementor-col-100 elementor-top-column elementor-element elementor-element-b3ff920\" data-id=\"b3ff920\" data-element_type=\"column\" data-e-type=\"column\">\n\t\t\t<div class=\"elementor-widget-wrap elementor-element-populated\">\n\t\t\t\t\t\t<div class=\"elementor-element elementor-element-20c7b982 elementor-widget elementor-widget-text-editor\" data-id=\"20c7b982\" data-element_type=\"widget\" data-e-type=\"widget\" data-widget_type=\"text-editor.default\">\n\t\t\t\t<div class=\"elementor-widget-container\">\n\t\t\t\t\t\t\t\t\t<p><strong>Wer sein Pferd in der Box oder auf der Weide pl\u00f6tzlich \u00fcbers\u00e4ht mit Quaddeln und Pusteln vorfindet, bekommt meist erstmal einen geh\u00f6rigen Schreck und vermutet b\u00f6ses hinter den auff\u00e4lligen Beulen, die sich unter dem Fell des Pferdes abzeichnen. Einen solchen Ausschlag bezeichnet man als Nesselfieber. Alle Infos rund um Nesselfieber beim Pferd und was Du dagegen tun kannst, erf\u00e4hrst Du im folgenden Artikel.&nbsp;<\/strong><br><\/p>\n<p><\/p>\t\t\t\t\t\t\t\t<\/div>\n\t\t\t\t<\/div>\n\t\t\t\t\t<\/div>\n\t\t<\/div>\n\t\t\t\t\t<\/div>\n\t\t<\/section>\n\t\t\t\t<section data-particle_enable=\"false\" data-particle-mobile-disabled=\"false\" class=\"penci-section penci-dmcheck penci-elbg-activate penci-disSticky penci-structure-20 elementor-section elementor-top-section elementor-element elementor-element-231385a8 elementor-section-boxed elementor-section-height-default elementor-section-height-default\" data-id=\"231385a8\" data-element_type=\"section\" data-e-type=\"section\" data-settings=\"{&quot;background_background&quot;:&quot;classic&quot;}\">\n\t\t\t\t\t\t<div class=\"elementor-container elementor-column-gap-default\">\n\t\t\t\t\t<div class=\"penci-ercol-50 penci-ercol-order-1 penci-sticky-ct    elementor-column elementor-col-50 elementor-top-column elementor-element elementor-element-6712ffee\" data-id=\"6712ffee\" data-element_type=\"column\" data-e-type=\"column\">\n\t\t\t<div class=\"elementor-widget-wrap elementor-element-populated\">\n\t\t\t\t\t\t<div class=\"elementor-element elementor-element-3bb222c elementor-widget elementor-widget-text-editor\" data-id=\"3bb222c\" data-element_type=\"widget\" data-e-type=\"widget\" data-widget_type=\"text-editor.default\">\n\t\t\t\t<div class=\"elementor-widget-container\">\n\t\t\t\t\t\t\t\t\t<h2>Nesselfieber: Krankheitssteckbrief<\/h2>\t\t\t\t\t\t\t\t<\/div>\n\t\t\t\t<\/div>\n\t\t\t\t<div class=\"elementor-element elementor-element-237e0a16 elementor-icon-list--layout-traditional elementor-list-item-link-full_width elementor-widget elementor-widget-icon-list\" data-id=\"237e0a16\" data-element_type=\"widget\" data-e-type=\"widget\" data-widget_type=\"icon-list.default\">\n\t\t\t\t<div class=\"elementor-widget-container\">\n\t\t\t\t\t\t\t<ul class=\"elementor-icon-list-items\">\n\t\t\t\t\t\t\t<li class=\"elementor-icon-list-item\">\n\t\t\t\t\t\t\t\t\t\t\t<span class=\"elementor-icon-list-icon\">\n\t\t\t\t\t\t\t<i aria-hidden=\"true\" class=\"fas fa-thermometer-half\"><\/i>\t\t\t\t\t\t<\/span>\n\t\t\t\t\t\t\t\t\t\t<span class=\"elementor-icon-list-text\"><b>Symptome:<\/b> Quaddeln auf der Haut, Juckreiz, Verkrustungen, Haarverlust<\/span>\n\t\t\t\t\t\t\t\t\t<\/li>\n\t\t\t\t\t\t\t\t<li class=\"elementor-icon-list-item\">\n\t\t\t\t\t\t\t\t\t\t\t<span class=\"elementor-icon-list-icon\">\n\t\t\t\t\t\t\t<i aria-hidden=\"true\" class=\"far fa-chart-bar\"><\/i>\t\t\t\t\t\t<\/span>\n\t\t\t\t\t\t\t\t\t\t<span class=\"elementor-icon-list-text\"><b>Verlauf:<\/b> Akut<\/span>\n\t\t\t\t\t\t\t\t\t<\/li>\n\t\t\t\t\t\t\t\t<li class=\"elementor-icon-list-item\">\n\t\t\t\t\t\t\t\t\t\t\t<span class=\"elementor-icon-list-icon\">\n\t\t\t\t\t\t\t<i aria-hidden=\"true\" class=\"fas fa-medkit\"><\/i>\t\t\t\t\t\t<\/span>\n\t\t\t\t\t\t\t\t\t\t<span class=\"elementor-icon-list-text\"><b>Schwere der Erkrankung:<\/b> Kommt auf die Ursache des Nesselfiebers an<\/span>\n\t\t\t\t\t\t\t\t\t<\/li>\n\t\t\t\t\t\t\t\t<li class=\"elementor-icon-list-item\">\n\t\t\t\t\t\t\t\t\t\t\t<span class=\"elementor-icon-list-icon\">\n\t\t\t\t\t\t\t<i aria-hidden=\"true\" class=\"fas fa-history\"><\/i>\t\t\t\t\t\t<\/span>\n\t\t\t\t\t\t\t\t\t\t<span class=\"elementor-icon-list-text\"><b>H\u00e4ufigkeit:<\/b> H\u00e4ufig<\/span>\n\t\t\t\t\t\t\t\t\t<\/li>\n\t\t\t\t\t\t\t\t<li class=\"elementor-icon-list-item\">\n\t\t\t\t\t\t\t\t\t\t\t<span class=\"elementor-icon-list-icon\">\n\t\t\t\t\t\t\t<i aria-hidden=\"true\" class=\"fas fa-horse-head\"><\/i>\t\t\t\t\t\t<\/span>\n\t\t\t\t\t\t\t\t\t\t<span class=\"elementor-icon-list-text\"><b>Vorkommen:<\/b> Bei allen Pferden<\/span>\n\t\t\t\t\t\t\t\t\t<\/li>\n\t\t\t\t\t\t<\/ul>\n\t\t\t\t\t\t<\/div>\n\t\t\t\t<\/div>\n\t\t\t\t\t<\/div>\n\t\t<\/div>\n\t\t\t\t<div class=\"penci-ercol-50 penci-ercol-order-2 penci-sticky-ct    elementor-column elementor-col-50 elementor-top-column elementor-element elementor-element-72c1a3e5\" data-id=\"72c1a3e5\" data-element_type=\"column\" data-e-type=\"column\">\n\t\t\t<div class=\"elementor-widget-wrap elementor-element-populated\">\n\t\t\t\t\t\t<div class=\"elementor-element elementor-element-21990518 elementor-icon-list--layout-traditional elementor-list-item-link-full_width elementor-widget elementor-widget-icon-list\" data-id=\"21990518\" data-element_type=\"widget\" data-e-type=\"widget\" data-widget_type=\"icon-list.default\">\n\t\t\t\t<div class=\"elementor-widget-container\">\n\t\t\t\t\t\t\t<ul class=\"elementor-icon-list-items\">\n\t\t\t\t\t\t\t<li class=\"elementor-icon-list-item\">\n\t\t\t\t\t\t\t\t\t\t\t<span class=\"elementor-icon-list-icon\">\n\t\t\t\t\t\t\t<i aria-hidden=\"true\" class=\"fas fa-file-medical\"><\/i>\t\t\t\t\t\t<\/span>\n\t\t\t\t\t\t\t\t\t\t<span class=\"elementor-icon-list-text\"><b>Diagnose:<\/b> Durch erkennen der Symptome<\/span>\n\t\t\t\t\t\t\t\t\t<\/li>\n\t\t\t\t\t\t\t\t<li class=\"elementor-icon-list-item\">\n\t\t\t\t\t\t\t\t\t\t\t<span class=\"elementor-icon-list-icon\">\n\t\t\t\t\t\t\t<i aria-hidden=\"true\" class=\"fas fa-hand-holding-medical\"><\/i>\t\t\t\t\t\t<\/span>\n\t\t\t\t\t\t\t\t\t\t<span class=\"elementor-icon-list-text\"><b>Behandlung:<\/b> Geht von selbst zur\u00fcck, Cortison, Cetirizin<\/span>\n\t\t\t\t\t\t\t\t\t<\/li>\n\t\t\t\t\t\t\t\t<li class=\"elementor-icon-list-item\">\n\t\t\t\t\t\t\t\t\t\t\t<span class=\"elementor-icon-list-icon\">\n\t\t\t\t\t\t\t<i aria-hidden=\"true\" class=\"fas fa-heartbeat\"><\/i>\t\t\t\t\t\t<\/span>\n\t\t\t\t\t\t\t\t\t\t<span class=\"elementor-icon-list-text\"><b>Prognose:<\/b> Meist gut<\/span>\n\t\t\t\t\t\t\t\t\t<\/li>\n\t\t\t\t\t\t\t\t<li class=\"elementor-icon-list-item\">\n\t\t\t\t\t\t\t\t\t\t\t<span class=\"elementor-icon-list-icon\">\n\t\t\t\t\t\t\t<i aria-hidden=\"true\" class=\"fas fa-horse\"><\/i>\t\t\t\t\t\t<\/span>\n\t\t\t\t\t\t\t\t\t\t<span class=\"elementor-icon-list-text\"><b>Ansteckungsgefahr:<\/b> Kommt auf die Ursache des Nesselfiebers an<\/span>\n\t\t\t\t\t\t\t\t\t<\/li>\n\t\t\t\t\t\t\t\t<li class=\"elementor-icon-list-item\">\n\t\t\t\t\t\t\t\t\t\t\t<span class=\"elementor-icon-list-icon\">\n\t\t\t\t\t\t\t<i aria-hidden=\"true\" class=\"fas fa-briefcase-medical\"><\/i>\t\t\t\t\t\t<\/span>\n\t\t\t\t\t\t\t\t\t\t<span class=\"elementor-icon-list-text\"><b>Fachgebiet:<\/b> Dermatologie, Innere Medizin<\/span>\n\t\t\t\t\t\t\t\t\t<\/li>\n\t\t\t\t\t\t<\/ul>\n\t\t\t\t\t\t<\/div>\n\t\t\t\t<\/div>\n\t\t\t\t\t<\/div>\n\t\t<\/div>\n\t\t\t\t\t<\/div>\n\t\t<\/section>\n\t\t\t\t<section data-particle_enable=\"false\" data-particle-mobile-disabled=\"false\" class=\"penci-section penci-disSticky penci-structure-10 elementor-section elementor-top-section elementor-element elementor-element-6eae86b4 elementor-section-boxed elementor-section-height-default elementor-section-height-default\" data-id=\"6eae86b4\" data-element_type=\"section\" data-e-type=\"section\">\n\t\t\t\t\t\t<div class=\"elementor-container elementor-column-gap-default\">\n\t\t\t\t\t<div class=\"penci-ercol-100 penci-ercol-order-1 penci-sticky-ct    elementor-column elementor-col-100 elementor-top-column elementor-element elementor-element-1a4dff74\" data-id=\"1a4dff74\" data-element_type=\"column\" data-e-type=\"column\">\n\t\t\t<div class=\"elementor-widget-wrap elementor-element-populated\">\n\t\t\t\t\t\t<div class=\"elementor-element elementor-element-559a8ca1 elementor-widget elementor-widget-text-editor\" data-id=\"559a8ca1\" data-element_type=\"widget\" data-e-type=\"widget\" data-widget_type=\"text-editor.default\">\n\t\t\t\t<div class=\"elementor-widget-container\">\n\t\t\t\t\t\t\t\t\t<h2>Was ist Nesselfieber beim Pferd?<\/h2><p>Der Ausdruck Nesselfieber beschreibt eine<strong> Erkrankung der Haut beim Pferd<\/strong>, die sich durch mit Lymphfl\u00fcssigkeit gef\u00fcllte Pusteln \u00e4u\u00dfert und auf eine allergische Reaktion zur\u00fcckzuf\u00fchren ist. Entfernt erinnert dieser Ausschlag an die durch Brennnesseln hervorgerufenen Hautreaktionen, weshalb Nesselfieber in Fachkreisen auch als Urtikaria bekannt ist. Das lateinische Wort \u201eurtica\u201c bedeutet <a href=\"https:\/\/www.ehorses.de\/magazin\/brennnessel-fuer-pferde-stoffwechsel\/\">Brennnessel<\/a>.\u00a0<\/p><p>Nesselfieber, bzw. die <strong>Urtikaria<\/strong>, tritt nicht selten auf und ist in der Regel Symptom einer allergischen Reaktion. Bei dieser allergischen Reaktion kommt es im Immunsystem zu einer \u00dcberreaktion auf einen Einfluss von au\u00dfen, wodurch im K\u00f6rper des Pferdes \u00fcberdurchschnittlich hohe Mengen an Histamin ausgesch\u00fcttet werden. Da Histamin ein Gewebshormon ist, sorgt seine Aussch\u00fcttung f\u00fcr eine Weitung der Blutgef\u00e4\u00dfe, die zu \u00d6demen der Haut und Schleimhaut f\u00fchren.<\/p><p>In der Regel sieht Nesselfieber weitaus bedrohlicher aus, als es tats\u00e4chlich ist. Bei einem leichten Verlauf verschwinden die ungef\u00e4hrlichen Quaddeln nach einigen Tagen von selber wieder und gehen nicht oder nur selten mit Schmerzen f\u00fcr das Pferd einher. Da es sich jedoch um eine allergische Reaktion handelt, sollte der Ausl\u00f6ser der <a href=\"https:\/\/www.ehorses.de\/magazin\/allergien-beim-pferd\/\">Allergie<\/a> festgestellt werden, um m\u00f6glicherweise behandelt zu werden und weitere Ausbr\u00fcche von Nesselfieber zu vermeiden.<\/p>\t\t\t\t\t\t\t\t<\/div>\n\t\t\t\t<\/div>\n\t\t\t\t<div class=\"elementor-element elementor-element-1bcb1913 elementor-position-inline-start elementor-view-default elementor-mobile-position-block-start elementor-widget elementor-widget-icon-box\" data-id=\"1bcb1913\" data-element_type=\"widget\" data-e-type=\"widget\" data-widget_type=\"icon-box.default\">\n\t\t\t\t<div class=\"elementor-widget-container\">\n\t\t\t\t\t\t\t<div class=\"elementor-icon-box-wrapper\">\n\n\t\t\t\t\t\t<div class=\"elementor-icon-box-icon\">\n\t\t\t\t<span  class=\"elementor-icon\">\n\t\t\t\t<i aria-hidden=\"true\" class=\"fas fa-info-circle\"><\/i>\t\t\t\t<\/span>\n\t\t\t<\/div>\n\t\t\t\n\t\t\t\t\t\t<div class=\"elementor-icon-box-content\">\n\n\t\t\t\t\t\t\t\t\t<p class=\"elementor-icon-box-title\">\n\t\t\t\t\t\t<span  >\n\t\t\t\t\t\t\tWas sind die Symptome von Urtikaria?\t\t\t\t\t\t<\/span>\n\t\t\t\t\t<\/p>\n\t\t\t\t\n\t\t\t\t\t\t\t\t\t<p class=\"elementor-icon-box-description\">\n\t\t\t\t\t\tSymptome einer Urtikaria sind runde Quaddeln, Juckreiz, wunde Stellen, aus den Quaddeln austretendes Sekret und <a href=\"https:\/\/www.ehorses.de\/magazin\/erste-hilfe-fuer-pferde-fiebermessen-beim-pferd\/\">Fieber<\/a>.\t\t\t\t\t<\/p>\n\t\t\t\t\n\t\t\t<\/div>\n\t\t\t\n\t\t<\/div>\n\t\t\t\t\t\t<\/div>\n\t\t\t\t<\/div>\n\t\t\t\t<div class=\"elementor-element elementor-element-27909cae elementor-widget elementor-widget-text-editor\" data-id=\"27909cae\" data-element_type=\"widget\" data-e-type=\"widget\" data-widget_type=\"text-editor.default\">\n\t\t\t\t<div class=\"elementor-widget-container\">\n\t\t\t\t\t\t\t\t\t<h2>Symptome &#8211; Wie \u00e4u\u00dfert sich Nesselfieber?<\/h2><p>Das auff\u00e4lligste Symptom einer Urtikaria beim Pferd ist der an <strong>Brust, Hals, Kopf und Schulterbereich des Pferdes auftretende Ausschlag<\/strong>. Die runden Pusteln und Quaddeln sind mit Lymphfl\u00fcssigkeit gef\u00fcllt und k\u00f6nnen mitunter unter der Haut zu gr\u00f6\u00dferen Feldern zusammenlaufen, wodurch sich gro\u00dffl\u00e4chige Schwellungen bilden. In manchen F\u00e4llen geht Nesselfieber auch mit <strong>Juckreiz <\/strong>einher. Dieser Juckreiz f\u00fchrt dazu, dass sich das betroffene Pferd auf der Suche nach Linderung die Quaddeln aufscheuert, wodurch offene Wunden entstehen k\u00f6nnen. Eine offene und unversorgte Wunde ist immer anf\u00e4llig f\u00fcr Infektionen, weshalb aufgekratzte Stellen stets gut versorgt werden sollten. In einigen F\u00e4llen tritt auch ohne das zutun des Pferdes bernsteinfarbenes Sekret aus den Pusteln aus. Dieses kann zu Verkrustungen f\u00fchren, unter denen das Fell ausf\u00e4llt oder sich ebenfalls leicht Entz\u00fcndungen bilden k\u00f6nnen.\u00a0<\/p><p>Da Nesselfieber das Symptom einer allergischen Reaktion ist, kann es bei einer schweren Allergie auch zu <a href=\"https:\/\/www.ehorses.de\/magazin\/erste-hilfe-fuer-pferde-fiebermessen-beim-pferd\/\"><strong>Fieber<\/strong><\/a>, oder, durch ung\u00fcnstig am Kopf liegende Schwellungen, zu \u00a0kommen. Dies ist zwar nur selten der Fall, sollte jedoch beim Bemerken erster Anzeichen des Nesselfiebers im Hinterkopf behalten werden. Im Zweifelsfall ist es immer besser, den Tierarzt einmal \u00f6fter kommen zu lassen, damit dieser die Situation fachm\u00e4nnisch beurteilen kann.<\/p><p><strong>Symptome von Nesselfieber im \u00dcberblick:<\/strong><\/p><ul><li>Hautausschlag in Form von mit Fl\u00fcssigkeit gef\u00fcllter, runder Quaddeln<\/li><li>Juckreiz<\/li><li>Verkrustungen<\/li><li>Fieber<\/li><li>Austreten von bernsteinfarbenem Sekret<\/li><li>Entz\u00fcndungen<\/li><li>Haarverlust<\/li><\/ul><div id=\"attachment_52325\" style=\"width: 610px\" class=\"wp-caption aligncenter\"><img fetchpriority=\"high\" decoding=\"async\" aria-describedby=\"caption-attachment-52325\" class=\"wp-image-52325 size-full\" src=\"https:\/\/www.ehorses.de\/magazin\/wp-content\/uploads\/Nesselfieber-beim-Pferd.jpg\" alt=\"Nesselfieber beim Pferd: Pferd grasst.\" width=\"600\" height=\"400\" srcset=\"https:\/\/www.ehorses.de\/magazin\/wp-content\/uploads\/Nesselfieber-beim-Pferd.jpg 600w, https:\/\/www.ehorses.de\/magazin\/wp-content\/uploads\/Nesselfieber-beim-Pferd-300x200.jpg 300w, https:\/\/www.ehorses.de\/magazin\/wp-content\/uploads\/Nesselfieber-beim-Pferd-585x390.jpg 585w, https:\/\/www.ehorses.de\/magazin\/wp-content\/uploads\/Nesselfieber-beim-Pferd-263x175.jpg 263w\" sizes=\"(max-width: 600px) 100vw, 600px\" \/><p id=\"caption-attachment-52325\" class=\"wp-caption-text\">Da Nesselfieber das Symptom einer allergischen Reaktion ist, kann es bei einer schweren Allergie auch zu Fieber, oder, durch ung\u00fcnstig am Kopf liegende Schwellungen, zu \u00a0kommen.<\/p><\/div>\t\t\t\t\t\t\t\t<\/div>\n\t\t\t\t<\/div>\n\t\t\t\t<div class=\"elementor-element elementor-element-a167bda elementor-position-inline-start elementor-view-default elementor-mobile-position-block-start elementor-widget elementor-widget-icon-box\" data-id=\"a167bda\" data-element_type=\"widget\" data-e-type=\"widget\" data-widget_type=\"icon-box.default\">\n\t\t\t\t<div class=\"elementor-widget-container\">\n\t\t\t\t\t\t\t<div class=\"elementor-icon-box-wrapper\">\n\n\t\t\t\t\t\t<div class=\"elementor-icon-box-icon\">\n\t\t\t\t<span  class=\"elementor-icon\">\n\t\t\t\t<i aria-hidden=\"true\" class=\"fas fa-info-circle\"><\/i>\t\t\t\t<\/span>\n\t\t\t<\/div>\n\t\t\t\n\t\t\t\t\t\t<div class=\"elementor-icon-box-content\">\n\n\t\t\t\t\t\t\t\t\t<p class=\"elementor-icon-box-title\">\n\t\t\t\t\t\t<span  >\n\t\t\t\t\t\t\tWelche Globuli bei Nesselsucht?\t\t\t\t\t\t<\/span>\n\t\t\t\t\t<\/p>\n\t\t\t\t\n\t\t\t\t\t\t\t\t\t<p class=\"elementor-icon-box-description\">\n\t\t\t\t\t\tBei Nesselsucht bzw. Nesselfieber k\u00f6nnen Globuli Urtica urens verabreicht werden.\t\t\t\t\t<\/p>\n\t\t\t\t\n\t\t\t<\/div>\n\t\t\t\n\t\t<\/div>\n\t\t\t\t\t\t<\/div>\n\t\t\t\t<\/div>\n\t\t\t\t<div class=\"elementor-element elementor-element-4920c60f elementor-widget elementor-widget-text-editor\" data-id=\"4920c60f\" data-element_type=\"widget\" data-e-type=\"widget\" data-widget_type=\"text-editor.default\">\n\t\t\t\t<div class=\"elementor-widget-container\">\n\t\t\t\t\t\t\t\t\t<h2>Welche Ursachen hat Nesselfieber beim Pferd?<\/h2><p>Die Ursachen f\u00fcr Nesselfieber beim Pferd sind vielf\u00e4ltig und k\u00f6nnen grob in <strong>zwei Kategorien <\/strong>unterteilt werden. Zum einen kann der Ausl\u00f6ser der Urtikaria seinen Ursprung im \u00c4u\u00dferen haben, auch exogener Ausl\u00f6ser genannt. Er kann jedoch ebenso aus dem Inneren des Pferdes kommen, somit handelt es sich um einen endogenen Ausl\u00f6ser. H\u00e4ufig ist das Auftreten von Nesselfieber auch in einem Zusammenspiel mehrerer Faktoren begr\u00fcndet, die ihren Gipfel dann im Ausbruch des Ausschlages finden.<\/p><h3>Exogene (\u00e4u\u00dfere) Ausl\u00f6ser von Nesselfieber<\/h3><ul><li>Insektenstiche\/ Insektenbisse<\/li><li>Hautreizungen durch Chemikalien in Pflegesprays oder von Waschmittelr\u00fcckst\u00e4nden<\/li><li>Futtermittelunvertr\u00e4glichkeiten<\/li><li>Vergiftung durch den Verzehr von <a href=\"https:\/\/www.ehorses.de\/magazin\/giftpflanzen-vergiftung-beim-pferd\/\">Giftpflanzen<\/a> (beispielsweise B\u00e4renklau)<\/li><li>Hautreizungen durch Pollen oder Pflanzen (beispielsweise <a href=\"https:\/\/www.ehorses.de\/magazin\/brennnessel-fuer-pferde-stoffwechsel\/\">Brennnesseln<\/a> oder Disteln)<\/li><li>Unvertr\u00e4glichkeit der Inhaltsstoffe von Medikamenten<\/li><\/ul><h3>Endogene (innere) Ausl\u00f6ser von Nesselfieber<\/h3><ul><li><a href=\"https:\/\/www.ehorses.de\/magazin\/partner\/stress-bei-pferden\/\">Stress<\/a><\/li><li>Probleme des Verdauungstraktes<\/li><li>Stoffwechselprobleme und damit einhergehende Einlagerung von S\u00e4uren oder Toxinen<\/li><li>Infektionen<\/li><\/ul><p>\u00c4u\u00dfere Ausl\u00f6ser sind in der Regel leichter feststellbar, als innere Ausl\u00f6ser. Da es sich manchmal auch um die Kombination aus verschiedenen Ausl\u00f6sern handelt, bedarf es meist einer <strong>gewissenhaften und gr\u00fcndlichen Beobachtung <\/strong>verschiedener Faktoren, um alle Ausl\u00f6ser einer Urtikaria zu entdecken und in den Griff zu bekommen. Mitunter kann es also etwas Geduld ben\u00f6tigen, um die Ausl\u00f6ser einer Urtikaria in den Griff zu bekommen. Dein Pferd wird dir f\u00fcr deinen Einsatz jedoch sicherlich dankbar sein.<\/p>\t\t\t\t\t\t\t\t<\/div>\n\t\t\t\t<\/div>\n\t\t\t\t<div class=\"elementor-element elementor-element-da7919c elementor-position-inline-start elementor-view-default elementor-mobile-position-block-start elementor-widget elementor-widget-icon-box\" data-id=\"da7919c\" data-element_type=\"widget\" data-e-type=\"widget\" data-widget_type=\"icon-box.default\">\n\t\t\t\t<div class=\"elementor-widget-container\">\n\t\t\t\t\t\t\t<div class=\"elementor-icon-box-wrapper\">\n\n\t\t\t\t\t\t<div class=\"elementor-icon-box-icon\">\n\t\t\t\t<span  class=\"elementor-icon\">\n\t\t\t\t<i aria-hidden=\"true\" class=\"fas fa-info-circle\"><\/i>\t\t\t\t<\/span>\n\t\t\t<\/div>\n\t\t\t\n\t\t\t\t\t\t<div class=\"elementor-icon-box-content\">\n\n\t\t\t\t\t\t\t\t\t<p class=\"elementor-icon-box-title\">\n\t\t\t\t\t\t<span  >\n\t\t\t\t\t\t\tWas bedeuten Pusteln beim Pferd?\t\t\t\t\t\t<\/span>\n\t\t\t\t\t<\/p>\n\t\t\t\t\n\t\t\t\t\t\t\t\t\t<p class=\"elementor-icon-box-description\">\n\t\t\t\t\t\tPusteln beim Pferd deuten auf eine allergische Reaktion und eine damit einhergehende Reaktion der Haut des Pferdes hin. Es gilt den Ausl\u00f6ser der allergischen Reaktion zu finden, um das fortfahrende Auftreten von Pusteln und Quaddeln zu unterbinden.\t\t\t\t\t<\/p>\n\t\t\t\t\n\t\t\t<\/div>\n\t\t\t\n\t\t<\/div>\n\t\t\t\t\t\t<\/div>\n\t\t\t\t<\/div>\n\t\t\t\t<div class=\"elementor-element elementor-element-aab72 elementor-widget elementor-widget-text-editor\" data-id=\"aab72\" data-element_type=\"widget\" data-e-type=\"widget\" data-widget_type=\"text-editor.default\">\n\t\t\t\t<div class=\"elementor-widget-container\">\n\t\t\t\t\t\t\t\t\t<h2>Krankheiten, die Nesselfieber beim Pferd ausl\u00f6sen k\u00f6nnen<\/h2><p>Neben den endogenen und exogenen Faktoren, die Nesselfieber ausl\u00f6sen k\u00f6nnen, gibt es auch einige <a href=\"https:\/\/www.ehorses.de\/magazin\/typische-pferdekrankheiten\/\">Krankheiten<\/a>, die den Ausbruch einer Urtikaria wahrscheinlicher machen und begr\u00fcnden k\u00f6nnen. Jede der im Folgenden aufgez\u00e4hlten Erkrankungen <strong>schw\u00e4cht das Immunsystem des Pferdes<\/strong> und macht es somit anf\u00e4lliger f\u00fcr den Ausbruch von Nesselfieber als Antwort auf gewisse St\u00f6rfaktoren, mit denen der angegriffene Pferdek\u00f6rper nicht mehr anders umzugehen wei\u00df.<\/p><ul><li><strong>Besch\u00e4lseuche<\/strong>: Hierbei handelt es sich um eine Infektionskrankheit, die beim Deckakt zwischen Hengst und Stute \u00fcbertragen werden kann. In der Regel erkrankt lediglich die Stute, da diese die infekti\u00f6sen Spermien des Hengstes \u00fcber die Schleimhaut ihrer Vagina aufnimmt. Ein Symptom der Besch\u00e4lseuche ist Nesselfieber. In Deutschland treten F\u00e4lle von Besch\u00e4lseuche jedoch so gut wie nie auf, diese ist eher im asiatischen und afrikanischen Raum verbreitet.<\/li><li><strong><a href=\"https:\/\/www.ehorses.de\/magazin\/druse-beim-pferd\/\">Druse<\/a><\/strong>: Bei <a href=\"https:\/\/www.ehorses.de\/magazin\/druse-beim-pferd\/\">Druse<\/a> handelt es sich um eine hochansteckende Infektionskrankheit, bei der es zu <a href=\"https:\/\/www.ehorses.de\/magazin\/atemwegserkrankungen-pferd\/\">Husten<\/a>, Fieber, Vereiterungen der Lymphknoten und Begleiterscheinungen zum Beispiel wie Nesselfieber kommt. Ein mit Druse infiziertes Pferd muss sofort in Quarant\u00e4ne gebracht werden, da sich die Infektion andernfalls rasend schnell im gesamten Stall verbreiten kann.<\/li><li><strong>Petechialfieber<\/strong>: Beim Petechialfieber kommt es zu Entz\u00fcndungen der Blutgef\u00e4\u00dfe, hervorgerufen durch bakterielle Infektionen. Durch die entz\u00fcndungsbedingte Sch\u00e4digung der Blutgef\u00e4\u00dfw\u00e4nde kann Blut in das Gewebe des Pferdes austreten, wodurch es zur Bildung von Quaddeln unter der Haut kommt. Da diese im Vergleich zu den normalerweise entstehenden Quaddeln mit Blut und nicht mit Sekret gef\u00fcllt sind, l\u00e4sst sich hier der Unterschied oft schnell erkennen.<\/li><\/ul><div id=\"attachment_52326\" style=\"width: 610px\" class=\"wp-caption aligncenter\"><img decoding=\"async\" aria-describedby=\"caption-attachment-52326\" class=\"wp-image-52326 size-full\" src=\"https:\/\/www.ehorses.de\/magazin\/wp-content\/uploads\/Nesselfieber-beim-Pferd-1.jpg\" alt=\"Nesselfieber beim Pferd: Drei Pferde stehen zusammen.\" width=\"600\" height=\"400\" srcset=\"https:\/\/www.ehorses.de\/magazin\/wp-content\/uploads\/Nesselfieber-beim-Pferd-1.jpg 600w, https:\/\/www.ehorses.de\/magazin\/wp-content\/uploads\/Nesselfieber-beim-Pferd-1-300x200.jpg 300w, https:\/\/www.ehorses.de\/magazin\/wp-content\/uploads\/Nesselfieber-beim-Pferd-1-585x390.jpg 585w, https:\/\/www.ehorses.de\/magazin\/wp-content\/uploads\/Nesselfieber-beim-Pferd-1-263x175.jpg 263w\" sizes=\"(max-width: 600px) 100vw, 600px\" \/><p id=\"caption-attachment-52326\" class=\"wp-caption-text\">Wenn das Nesselfieber durch infekti\u00f6se Erkrankungen ausgel\u00f6st wird, kann es selbstverst\u00e4ndlich durch Ansteckung mit diesen Krankheiten auch an andere Pferde weitergegeben werden.<\/p><\/div>\t\t\t\t\t\t\t\t<\/div>\n\t\t\t\t<\/div>\n\t\t\t\t<div class=\"elementor-element elementor-element-519f63ae elementor-widget elementor-widget-text-editor\" data-id=\"519f63ae\" data-element_type=\"widget\" data-e-type=\"widget\" data-widget_type=\"text-editor.default\">\n\t\t\t\t<div class=\"elementor-widget-container\">\n\t\t\t\t\t\t\t\t\t<h2>Ist Nesselfieber bei Pferden ansteckend?<\/h2><p>Wird das Nesselfieber durch eine allergische Reaktion auf \u00e4u\u00dfere Faktoren oder durch innere Faktoren, wie Stress oder Probleme mit dem Darm ausgel\u00f6st, so ist es nicht ansteckend. Lediglich wenn das Nesselfieber durch <strong>infekti\u00f6se Erkrankungen <\/strong>ausgel\u00f6st wird, kann es selbstverst\u00e4ndlich durch Ansteckung mit diesen Krankheiten auch an andere Pferde weitergegeben werden. Deshalb ist es immer ratsam, den Ausl\u00f6ser f\u00fcr eine Urtikaria beim Pferd schnellstm\u00f6glich festzustellen, um im Ernstfall bei einer vorliegenden, m\u00f6glicherweise hochansteckenden Infektion handeln zu k\u00f6nnen und die Ansteckung anderer Pferde vermeiden zu k\u00f6nnen.\u00a0<\/p>\t\t\t\t\t\t\t\t<\/div>\n\t\t\t\t<\/div>\n\t\t\t\t<div class=\"elementor-element elementor-element-6bc6487 elementor-position-inline-start elementor-view-default elementor-mobile-position-block-start elementor-widget elementor-widget-icon-box\" data-id=\"6bc6487\" data-element_type=\"widget\" data-e-type=\"widget\" data-widget_type=\"icon-box.default\">\n\t\t\t\t<div class=\"elementor-widget-container\">\n\t\t\t\t\t\t\t<div class=\"elementor-icon-box-wrapper\">\n\n\t\t\t\t\t\t<div class=\"elementor-icon-box-icon\">\n\t\t\t\t<span  class=\"elementor-icon\">\n\t\t\t\t<i aria-hidden=\"true\" class=\"fas fa-info-circle\"><\/i>\t\t\t\t<\/span>\n\t\t\t<\/div>\n\t\t\t\n\t\t\t\t\t\t<div class=\"elementor-icon-box-content\">\n\n\t\t\t\t\t\t\t\t\t<p class=\"elementor-icon-box-title\">\n\t\t\t\t\t\t<span  >\n\t\t\t\t\t\t\tWas ist Nesselsucht bei Pferden, ist das ansteckend?\t\t\t\t\t\t<\/span>\n\t\t\t\t\t<\/p>\n\t\t\t\t\n\t\t\t\t\t\t\t\t\t<p class=\"elementor-icon-box-description\">\n\t\t\t\t\t\tNesselsucht bei Pferden ist eine allergische Reaktion auf endogene oder exogene St\u00f6rfaktoren, auf die das Immunsystem des Pferdes mit der Aussch\u00fcttung von Histamin und somit dem Entstehen von Nesselsucht reagiert. Ansteckend ist eine Nesselsucht in den meisten F\u00e4llen nicht. Lediglich wenn die Urtikaria durch eine Infektion begr\u00fcndet ist, kann diese auch ansteckend sein.\t\t\t\t\t<\/p>\n\t\t\t\t\n\t\t\t<\/div>\n\t\t\t\n\t\t<\/div>\n\t\t\t\t\t\t<\/div>\n\t\t\t\t<\/div>\n\t\t\t\t<div class=\"elementor-element elementor-element-5d01bc13 elementor-widget elementor-widget-text-editor\" data-id=\"5d01bc13\" data-element_type=\"widget\" data-e-type=\"widget\" data-widget_type=\"text-editor.default\">\n\t\t\t\t<div class=\"elementor-widget-container\">\n\t\t\t\t\t\t\t\t\t<h2>M\u00f6glichkeiten der Therapie bei Nesselfieber\u00a0<\/h2><p>In den meisten F\u00e4llen ist der Ausbruch einer Urtikaria harmlos und die Symptome <strong>gehen nach einigen Tagen von selber wieder zur\u00fcck<\/strong>. Ist dies nicht der Fall, so solltest Du einen Tierarzt zurate ziehen. Dieser kann den Ausschlag beispielsweise mit Cortison behandeln, welches auch gut gegen den m\u00f6glicherweise vorhandenen Juckreiz und das dadurch ausgel\u00f6ste Aufschuppern der Haut wirkt. Oft wird einhergehend mit der Aussch\u00fcttung von Histamin, wie es bei Nesselfieber der Fall ist, mit <strong>Cetirizin <\/strong>behandelt. Bei Cetirizin handelt es sich um ein Antihistaminikum, welches im Immunsystem gegen die geh\u00e4ufte Aussch\u00fcttung von Histamin arbeitet. Im Falle einer Urtikaria zeigt Cetirizin jedoch meist nur sehr geringen Erfolg.\u00a0<\/p><p>Zudem sollte bei der Therapie von Nesselfieber auch die Versorgung der dadurch entstehenden Probleme nicht vergessen werden. Wunde Stellen beim Pferd, die durch den Austritt von Sekret oder das Aufkratzen juckender Stellen auftreten, sollten <strong>gereinigt und desinfiziert<\/strong> werden, damit sich keine Infektionen bilden k\u00f6nnen.\u00a0<\/p><p>Fernab der Therapie gilt es, den Ausl\u00f6ser des Nesselfiebers ausfindig zu machen.<\/p>\t\t\t\t\t\t\t\t<\/div>\n\t\t\t\t<\/div>\n\t\t\t\t<div class=\"elementor-element elementor-element-d5fa69f elementor-widget elementor-widget-text-editor\" data-id=\"d5fa69f\" data-element_type=\"widget\" data-e-type=\"widget\" data-widget_type=\"text-editor.default\">\n\t\t\t\t<div class=\"elementor-widget-container\">\n\t\t\t\t\t\t\t\t\t<h2>Futterumstellung gegen Nesselfieber<\/h2>\n<p>Bevor es an eine <a href=\"https:\/\/www.ehorses.de\/magazin\/partner\/futterumstellung-pferd\/\">Futterumstellung<\/a> geht, solltest Du Dir das <strong>Grundfutter<\/strong>, welches Dein Pferd tagt\u00e4glich zu sich nimmt, gr\u00fcndlich anschauen. Eine geringe Qualit\u00e4t des Heus beispielsweise kann zu Problemen im Darm f\u00fchren, der essenziell f\u00fcr ein gesundes Immunsystem mitverantwortlich ist. Zudem kann es nat\u00fcrlich passieren, dass sich auf den gem\u00e4hten Feldern f\u00fcr Pferde giftige Pflanzen befunden haben, die Dein Pferd nun \u00fcber sein Heu oder Stroh zu sich genommen hat. Auch auf der Weide sollte regelm\u00e4\u00dfig Ausschau nach <strong><a href=\"https:\/\/www.ehorses.de\/magazin\/giftpflanzen-vergiftung-beim-pferd\/\">Giftpflanzen<\/a> <\/strong>gehalten werden.<\/p>\n<p>Bei <strong>Allergikerpferden<\/strong>, die h\u00e4ufig mit Nesselfieber reagieren, kann mit speziellen Futtermitteln geholfen werden. <a href=\"https:\/\/www.ehorses.de\/magazin\/schwarzkuemmel-fuer-pferde\/\"><strong>Schwarzk\u00fcmmel\u00f6l <\/strong><\/a>beispielsweise hat sich als hilfreich bei Hauterkrankungen wie Nesselfieber erwiesen. Die im <a href=\"https:\/\/www.ehorses.de\/magazin\/schwarzkuemmel-fuer-pferde\/\">Schwarzk\u00fcmmel\u00f6l<\/a> enthaltenen Omega-6-Fetts\u00e4uren unterst\u00fctzen den Fellstoffwechsel und die Aussch\u00fcttung des Hormons Prostaglandin. Dieses Hormon ist ebenfalls ein Gewebshormon und hemmt die Aussch\u00fcttung des Nesselfiebers ausl\u00f6senden Histamin.<\/p>\n<p>Auch <strong>\u00d6le<\/strong>, wie beispielsweise Kamillen\u00f6l oder Raps\u00f6l, k\u00f6nnen bei Problemen mit der Haut \u00fcber das Futter verabreicht beruhigend wirken.<\/p>\n<div id=\"attachment_52327\" style=\"width: 610px\" class=\"wp-caption aligncenter\"><img decoding=\"async\" aria-describedby=\"caption-attachment-52327\" class=\"wp-image-52327 size-full\" src=\"https:\/\/www.ehorses.de\/magazin\/wp-content\/uploads\/Nesselfieber-beim-Pferd-2.jpg\" alt=\"Nesselfieber beim Pferd: Pferd in einer Box.\" width=\"600\" height=\"400\" srcset=\"https:\/\/www.ehorses.de\/magazin\/wp-content\/uploads\/Nesselfieber-beim-Pferd-2.jpg 600w, https:\/\/www.ehorses.de\/magazin\/wp-content\/uploads\/Nesselfieber-beim-Pferd-2-300x200.jpg 300w, https:\/\/www.ehorses.de\/magazin\/wp-content\/uploads\/Nesselfieber-beim-Pferd-2-585x390.jpg 585w, https:\/\/www.ehorses.de\/magazin\/wp-content\/uploads\/Nesselfieber-beim-Pferd-2-263x175.jpg 263w\" sizes=\"(max-width: 600px) 100vw, 600px\" \/><p id=\"caption-attachment-52327\" class=\"wp-caption-text\">Eine geringe Qualit\u00e4t des Heus kann zu Problemen im Darm f\u00fchren, der essenziell f\u00fcr ein gesundes Immunsystem mitverantwortlich ist.<\/p><\/div>\n<div>unsere Empfehlung:&nbsp;[atkp_list id=&#8217;52723&#8242; limit=&#8217;3&#8242; template=&#8217;grid_3_columns&#8217; containercss=&#8217;atkp-center&#8217;][\/atkp_list]&nbsp;<i data-stringify-type=\"italic\" style=\"color: var( --e-global-color-text ); font-weight: var( --e-global-typography-text-font-weight ); font-family: Muli, sans-serif;\">* Disclaimer: In diesem Beitrag befinden sich so genannte Affiliate Links. Kaufst Du \u00fcber diese Links ein, bekommen wir von dem jeweiligen Shop einen kleinen Prozentsatz an Provision. F\u00fcr Dich entstehen selbstverst\u00e4ndlich keine Mehrkosten und Du hilfst uns dabei, dass wir weiterhin Content f\u00fcr Dich produzieren. Vielen Dank f\u00fcr Deine Unterst\u00fctzung!<\/i><\/div>\t\t\t\t\t\t\t\t<\/div>\n\t\t\t\t<\/div>\n\t\t\t\t<div class=\"elementor-element elementor-element-3f23ed55 elementor-position-inline-start elementor-view-default elementor-mobile-position-block-start elementor-widget elementor-widget-icon-box\" data-id=\"3f23ed55\" data-element_type=\"widget\" data-e-type=\"widget\" data-widget_type=\"icon-box.default\">\n\t\t\t\t<div class=\"elementor-widget-container\">\n\t\t\t\t\t\t\t<div class=\"elementor-icon-box-wrapper\">\n\n\t\t\t\t\t\t<div class=\"elementor-icon-box-icon\">\n\t\t\t\t<span  class=\"elementor-icon\">\n\t\t\t\t<i aria-hidden=\"true\" class=\"fas fa-info-circle\"><\/i>\t\t\t\t<\/span>\n\t\t\t<\/div>\n\t\t\t\n\t\t\t\t\t\t<div class=\"elementor-icon-box-content\">\n\n\t\t\t\t\t\t\t\t\t<p class=\"elementor-icon-box-title\">\n\t\t\t\t\t\t<span  >\n\t\t\t\t\t\t\tWas tun gegen Nesselfieber beim Pferd?\t\t\t\t\t\t<\/span>\n\t\t\t\t\t<\/p>\n\t\t\t\t\n\t\t\t\t\t\t\t\t\t<p class=\"elementor-icon-box-description\">\n\t\t\t\t\t\tZun\u00e4chst sollten die akuten Symptome des Nesselfiebers bek\u00e4mpft werden. Dies kann \u00fcber die Gabe von Cortison geschehen. Zudem sollten offene Wunden versorgt werden und der Ausl\u00f6ser f\u00fcr den Ausbruch des Nesselfiebers gefunden werden.\n\t\t\t\t\t<\/p>\n\t\t\t\t\n\t\t\t<\/div>\n\t\t\t\n\t\t<\/div>\n\t\t\t\t\t\t<\/div>\n\t\t\t\t<\/div>\n\t\t\t\t<div class=\"elementor-element elementor-element-f10f591 elementor-widget elementor-widget-text-editor\" data-id=\"f10f591\" data-element_type=\"widget\" data-e-type=\"widget\" data-widget_type=\"text-editor.default\">\n\t\t\t\t<div class=\"elementor-widget-container\">\n\t\t\t\t\t\t\t\t\t<h2><span style=\"color: var(--pcheading-cl); font-family: var(--pchead-font); font-weight: var(--pchead-wei); letter-spacing: 0px;\">Prophylaxe &#8211; So kannst Du Nesselfieber beim Pferd vorbeugen<\/span><\/h2><p>Um dem Ausbruch von Nesselfieber prophylaktisch vorzubeugen, solltest Du im Allgemeinen f\u00fcr ein <strong>gesundes und starkes Immunsystem<\/strong> Deines Pferdes sorgen. Damit einher geht eine gesunde und starke Darmflora. Auch Faktoren wie dauerhafter Stress sollten bedacht und ausgemerzt werden.\u00a0<\/p><p>Gegen Insektenstiche und daraufhin folgende allergische Reaktionen kann das Tragen von <strong><a href=\"https:\/\/www.ehorses.de\/magazin\/fliegenmasken-fuer-pferde\/\">Fliegenmasken<\/a> und Fliegendecken<\/strong> helfen. Achte zudem immer auf die Inhaltsstoffe von Pflegeprodukten, die mit der Haut deines Pferdes in Kontakt kommen. Auch beim Waschen von Decken und Schabracken solltest du das richtige Waschmittel ausw\u00e4hlen, damit m\u00f6gliche R\u00fcckst\u00e4nde keine Hautreaktionen ausl\u00f6sen.\u00a0<\/p><p>Wer zudem auf eine ausgezeichnete <strong>Qualit\u00e4t des verf\u00fctterten Futters<\/strong> achtet und auch seine Weiden regelm\u00e4\u00dfig nach giftigen Pflanzen absucht, hat prophylaktisch gut gegen das Auftreten einer Urtikaria gesorgt und kann von vorneherein einige ausl\u00f6sende Faktoren ausschlie\u00dfen.\u00a0<\/p>\t\t\t\t\t\t\t\t<\/div>\n\t\t\t\t<\/div>\n\t\t\t\t<div class=\"elementor-element elementor-element-47e80bc3 elementor-widget elementor-widget-html\" data-id=\"47e80bc3\" data-element_type=\"widget\" data-e-type=\"widget\" data-widget_type=\"html.default\">\n\t\t\t\t<div class=\"elementor-widget-container\">\n\t\t\t\t\t<script type=\"application\/ld+json\">\r\n{\r\n  \"@context\": \"https:\/\/schema.org\",\r\n  \"@type\": \"FAQPage\",\r\n  \"mainEntity\": [{\r\n    \"@type\": \"Question\",\r\n    \"name\": \"Was sind die Symptome von Urtikaria?\",\r\n    \"acceptedAnswer\": {\r\n      \"@type\": \"Answer\",\r\n      \"text\": \"Symptome einer Urtikaria sind runde Quaddeln, Juckreiz, wunde Stellen, aus den Quaddeln austretendes Sekret und Fieber.<a href=\\\"https:\/\/www.ehorses.de\/magazin\/nesselfieber-pferd\/\\\">Jetzt mehr erfahren \u25b6<\/a>\"\r\n    }\r\n  },{\r\n    \"@type\": \"Question\",\r\n    \"name\": \"Welche Globuli bei Nesselsucht?\",\r\n    \"acceptedAnswer\": {\r\n      \"@type\": \"Answer\",\r\n      \"text\": \"Bei Nesselsucht bzw. Nesselfieber k\u00f6nnen Globuli Urtica urens verabreicht werden.<a href=\\\"https:\/\/www.ehorses.de\/magazin\/nesselfieber-pferd\/\\\">Jetzt mehr erfahren \u25b6<\/a>\"\r\n    }\r\n  },{\r\n    \"@type\": \"Question\",\r\n    \"name\": \"Was bedeuten Pusteln beim Pferd?\",\r\n    \"acceptedAnswer\": {\r\n      \"@type\": \"Answer\",\r\n      \"text\": \"Pusteln beim Pferd deuten auf eine allergische Reaktion und eine damit einhergehende Reaktion der Haut des Pferdes hin. Es gilt den Ausl\u00f6ser der allergischen Reaktion zu finden, um das fortfahrende Auftreten von Pusteln und Quaddeln zu unterbinden.<a href=\\\"https:\/\/www.ehorses.de\/magazin\/nesselfieber-pferd\/\\\">Jetzt mehr erfahren \u25b6<\/a>\"\r\n    }\r\n  },{\r\n    \"@type\": \"Question\",\r\n    \"name\": \"Was tun gegen Nesselfieber beim Pferd?\",\r\n    \"acceptedAnswer\": {\r\n      \"@type\": \"Answer\",\r\n      \"text\": \"Zun\u00e4chst sollten die akuten Symptome des Nesselfiebers bek\u00e4mpft werden. Dies kann \u00fcber die Gabe von Cortison geschehen. Zudem sollten offene Wunden versorgt werden und der Ausl\u00f6ser f\u00fcr den Ausbruch des Nesselfiebers gefunden werden.<a href=\\\"https:\/\/www.ehorses.de\/magazin\/nesselfieber-pferd\/\\\">Jetzt mehr erfahren \u25b6<\/a>\"\r\n    }\r\n  },{\r\n    \"@type\": \"Question\",\r\n    \"name\": \"Was ist Nesselsucht bei Pferden, ist das ansteckend?\",\r\n    \"acceptedAnswer\": {\r\n      \"@type\": \"Answer\",\r\n      \"text\": \"Nesselsucht bei Pferden ist eine allergische Reaktion auf endogene oder exogene St\u00f6rfaktoren, auf die das Immunsystem des Pferdes mit der Aussch\u00fcttung von Histamin und somit dem Entstehen von Nesselsucht reagiert. Ansteckend ist eine Nesselsucht in den meisten F\u00e4llen nicht. Lediglich wenn die Urtikaria durch eine Infektion begr\u00fcndet ist, kann diese auch ansteckend sein.<a href=\\\"https:\/\/www.ehorses.de\/magazin\/nesselfieber-pferd\/\\\">Jetzt mehr erfahren \u25b6<\/a>\"\r\n    }\r\n  }]\r\n}\r\n<\/script>\t\t\t\t<\/div>\n\t\t\t\t<\/div>\n\t\t\t\t\t<\/div>\n\t\t<\/div>\n\t\t\t\t\t<\/div>\n\t\t<\/section>\n\t\t\t\t<\/div>\n\t\t","protected":false},"excerpt":{"rendered":"<p>Wer sein Pferd in der Box oder auf der Weide pl\u00f6tzlich \u00fcbers\u00e4ht mit Quaddeln und&hellip;<\/p>\n","protected":false},"author":129,"featured_media":52320,"comment_status":"open","ping_status":"closed","sticky":false,"template":"","format":"standard","meta":{"_lmt_disableupdate":"","_lmt_disable":"","footnotes":""},"categories":[17,6],"tags":[],"class_list":["post-52315","post","type-post","status-publish","format-standard","has-post-thumbnail","hentry","category-gesundheit","category-pferdewissen"],"_oembed_6e2261a90c0f61b3f6e5cbf5248ae69a":null,"_oembed_d83ed97665bbfe5cbf2a5acd0571bfe8":null,"_oembed_879340bd3c064234a240bcda2f369c23":null,"_oembed_519616b8842fb308e7a3039c04f55a79":null,"yoast_head":"<!-- This site is optimized with the Yoast SEO plugin v27.5 - https:\/\/yoast.com\/product\/yoast-seo-wordpress\/ -->\n<title>Nesselfieber beim Pferd - ehorses Magazin<\/title>\n<meta name=\"description\" content=\"Nesselfieber beim Pferd - Symptome \u2714 Ursachen \u2714 Diagnose \u2714 Behandlung \u2714 Mehr erfahren im ehorses Magazin \u25b6\" \/>\n<meta name=\"robots\" content=\"index, follow, max-snippet:-1, max-image-preview:large, max-video-preview:-1\" \/>\n<link rel=\"canonical\" href=\"https:\/\/www.ehorses.de\/magazin\/nesselfieber-pferd\/\" \/>\n<meta property=\"og:locale\" content=\"de_DE\" \/>\n<meta property=\"og:type\" content=\"article\" \/>\n<meta property=\"og:title\" content=\"Nesselfieber beim Pferd - ehorses Magazin\" \/>\n<meta property=\"og:description\" content=\"Nesselfieber beim Pferd - Symptome \u2714 Ursachen \u2714 Diagnose \u2714 Behandlung \u2714 Mehr erfahren im ehorses Magazin \u25b6\" \/>\n<meta property=\"og:url\" content=\"https:\/\/www.ehorses.de\/magazin\/nesselfieber-pferd\/\" \/>\n<meta property=\"og:site_name\" content=\"ehorses Magazin\" \/>\n<meta property=\"article:published_time\" content=\"2022-06-26T14:53:04+00:00\" \/>\n<meta property=\"article:modified_time\" content=\"2022-07-01T11:37:51+00:00\" \/>\n<meta property=\"og:image\" content=\"https:\/\/www.ehorses.de\/magazin\/wp-content\/uploads\/Nesselfieber-Pferd.jpg\" \/>\n\t<meta property=\"og:image:width\" content=\"780\" \/>\n\t<meta property=\"og:image:height\" content=\"520\" \/>\n\t<meta property=\"og:image:type\" content=\"image\/jpeg\" \/>\n<meta name=\"author\" content=\"Michelle Breitenfeld\" \/>\n<meta name=\"twitter:card\" content=\"summary_large_image\" \/>\n<meta name=\"twitter:label1\" content=\"Verfasst von\" \/>\n\t<meta name=\"twitter:data1\" content=\"Michelle Breitenfeld\" \/>\n\t<meta name=\"twitter:label2\" content=\"Gesch\u00e4tzte Lesezeit\" \/>\n\t<meta name=\"twitter:data2\" content=\"12\u00a0Minuten\" \/>\n<script type=\"application\/ld+json\" class=\"yoast-schema-graph\">{\"@context\":\"https:\\\/\\\/schema.org\",\"@graph\":[{\"@type\":\"Article\",\"@id\":\"https:\\\/\\\/www.ehorses.de\\\/magazin\\\/nesselfieber-pferd\\\/#article\",\"isPartOf\":{\"@id\":\"https:\\\/\\\/www.ehorses.de\\\/magazin\\\/nesselfieber-pferd\\\/\"},\"author\":{\"name\":\"Michelle Breitenfeld\",\"@id\":\"https:\\\/\\\/www.ehorses.de\\\/magazin\\\/#\\\/schema\\\/person\\\/ad08037b444745a402f0adaff6abc3be\"},\"headline\":\"Nesselfieber beim Pferd\",\"datePublished\":\"2022-06-26T14:53:04+00:00\",\"dateModified\":\"2022-07-01T11:37:51+00:00\",\"mainEntityOfPage\":{\"@id\":\"https:\\\/\\\/www.ehorses.de\\\/magazin\\\/nesselfieber-pferd\\\/\"},\"wordCount\":2037,\"commentCount\":0,\"image\":{\"@id\":\"https:\\\/\\\/www.ehorses.de\\\/magazin\\\/nesselfieber-pferd\\\/#primaryimage\"},\"thumbnailUrl\":\"https:\\\/\\\/www.ehorses.de\\\/magazin\\\/wp-content\\\/uploads\\\/Nesselfieber-Pferd.jpg\",\"articleSection\":[\"Gesundheit\",\"Pferdewissen\"],\"inLanguage\":\"de\",\"potentialAction\":[{\"@type\":\"CommentAction\",\"name\":\"Comment\",\"target\":[\"https:\\\/\\\/www.ehorses.de\\\/magazin\\\/nesselfieber-pferd\\\/#respond\"]}]},{\"@type\":\"WebPage\",\"@id\":\"https:\\\/\\\/www.ehorses.de\\\/magazin\\\/nesselfieber-pferd\\\/\",\"url\":\"https:\\\/\\\/www.ehorses.de\\\/magazin\\\/nesselfieber-pferd\\\/\",\"name\":\"Nesselfieber beim Pferd - ehorses Magazin\",\"isPartOf\":{\"@id\":\"https:\\\/\\\/www.ehorses.de\\\/magazin\\\/#website\"},\"primaryImageOfPage\":{\"@id\":\"https:\\\/\\\/www.ehorses.de\\\/magazin\\\/nesselfieber-pferd\\\/#primaryimage\"},\"image\":{\"@id\":\"https:\\\/\\\/www.ehorses.de\\\/magazin\\\/nesselfieber-pferd\\\/#primaryimage\"},\"thumbnailUrl\":\"https:\\\/\\\/www.ehorses.de\\\/magazin\\\/wp-content\\\/uploads\\\/Nesselfieber-Pferd.jpg\",\"datePublished\":\"2022-06-26T14:53:04+00:00\",\"dateModified\":\"2022-07-01T11:37:51+00:00\",\"author\":{\"@id\":\"https:\\\/\\\/www.ehorses.de\\\/magazin\\\/#\\\/schema\\\/person\\\/ad08037b444745a402f0adaff6abc3be\"},\"description\":\"Nesselfieber beim Pferd - Symptome \u2714 Ursachen \u2714 Diagnose \u2714 Behandlung \u2714 Mehr erfahren im ehorses Magazin \u25b6\",\"breadcrumb\":{\"@id\":\"https:\\\/\\\/www.ehorses.de\\\/magazin\\\/nesselfieber-pferd\\\/#breadcrumb\"},\"inLanguage\":\"de\",\"potentialAction\":[{\"@type\":\"ReadAction\",\"target\":[\"https:\\\/\\\/www.ehorses.de\\\/magazin\\\/nesselfieber-pferd\\\/\"]}]},{\"@type\":\"ImageObject\",\"inLanguage\":\"de\",\"@id\":\"https:\\\/\\\/www.ehorses.de\\\/magazin\\\/nesselfieber-pferd\\\/#primaryimage\",\"url\":\"https:\\\/\\\/www.ehorses.de\\\/magazin\\\/wp-content\\\/uploads\\\/Nesselfieber-Pferd.jpg\",\"contentUrl\":\"https:\\\/\\\/www.ehorses.de\\\/magazin\\\/wp-content\\\/uploads\\\/Nesselfieber-Pferd.jpg\",\"width\":780,\"height\":520,\"caption\":\"Nesselfieber Pferd: Pferd im Freien.\"},{\"@type\":\"BreadcrumbList\",\"@id\":\"https:\\\/\\\/www.ehorses.de\\\/magazin\\\/nesselfieber-pferd\\\/#breadcrumb\",\"itemListElement\":[{\"@type\":\"ListItem\",\"position\":1,\"name\":\"Startseite\",\"item\":\"https:\\\/\\\/www.ehorses.de\\\/magazin\\\/\"},{\"@type\":\"ListItem\",\"position\":2,\"name\":\"Nesselfieber beim Pferd\"}]},{\"@type\":\"WebSite\",\"@id\":\"https:\\\/\\\/www.ehorses.de\\\/magazin\\\/#website\",\"url\":\"https:\\\/\\\/www.ehorses.de\\\/magazin\\\/\",\"name\":\"ehorses Magazin\",\"description\":\"\",\"potentialAction\":[{\"@type\":\"SearchAction\",\"target\":{\"@type\":\"EntryPoint\",\"urlTemplate\":\"https:\\\/\\\/www.ehorses.de\\\/magazin\\\/?s={search_term_string}\"},\"query-input\":{\"@type\":\"PropertyValueSpecification\",\"valueRequired\":true,\"valueName\":\"search_term_string\"}}],\"inLanguage\":\"de\"},{\"@type\":\"Person\",\"@id\":\"https:\\\/\\\/www.ehorses.de\\\/magazin\\\/#\\\/schema\\\/person\\\/ad08037b444745a402f0adaff6abc3be\",\"name\":\"Michelle Breitenfeld\",\"image\":{\"@type\":\"ImageObject\",\"inLanguage\":\"de\",\"@id\":\"https:\\\/\\\/www.ehorses.de\\\/magazin\\\/wp-content\\\/uploads\\\/MichelleBreitenfeld-Kopie-96x96.jpg\",\"url\":\"https:\\\/\\\/www.ehorses.de\\\/magazin\\\/wp-content\\\/uploads\\\/MichelleBreitenfeld-Kopie-96x96.jpg\",\"contentUrl\":\"https:\\\/\\\/www.ehorses.de\\\/magazin\\\/wp-content\\\/uploads\\\/MichelleBreitenfeld-Kopie-96x96.jpg\",\"caption\":\"Michelle Breitenfeld\"},\"description\":\"Michelle Breitenfeld arbeitet nach Ihrem Studium im Bereich Medienwirtschaft und Journalismus im Marketing f\u00fcr ehorses. Als Expertin f\u00fcr Pferde bekommst Du von ihr exklusive Branchen-News und Ratgeber Themen rund ums Thema Pferd. Du kannst sie unter m.breitenfeld@ehorses.de erreichen.\",\"url\":\"https:\\\/\\\/www.ehorses.de\\\/magazin\\\/author\\\/michelle-breitenfeld\\\/\"}]}<\/script>\n<!-- \/ Yoast SEO plugin. -->","yoast_head_json":{"title":"Nesselfieber beim Pferd - ehorses Magazin","description":"Nesselfieber beim Pferd - Symptome \u2714 Ursachen \u2714 Diagnose \u2714 Behandlung \u2714 Mehr erfahren im ehorses Magazin \u25b6","robots":{"index":"index","follow":"follow","max-snippet":"max-snippet:-1","max-image-preview":"max-image-preview:large","max-video-preview":"max-video-preview:-1"},"canonical":"https:\/\/www.ehorses.de\/magazin\/nesselfieber-pferd\/","og_locale":"de_DE","og_type":"article","og_title":"Nesselfieber beim Pferd - ehorses Magazin","og_description":"Nesselfieber beim Pferd - Symptome \u2714 Ursachen \u2714 Diagnose \u2714 Behandlung \u2714 Mehr erfahren im ehorses Magazin \u25b6","og_url":"https:\/\/www.ehorses.de\/magazin\/nesselfieber-pferd\/","og_site_name":"ehorses Magazin","article_published_time":"2022-06-26T14:53:04+00:00","article_modified_time":"2022-07-01T11:37:51+00:00","og_image":[{"width":780,"height":520,"url":"https:\/\/www.ehorses.de\/magazin\/wp-content\/uploads\/Nesselfieber-Pferd.jpg","type":"image\/jpeg"}],"author":"Michelle Breitenfeld","twitter_card":"summary_large_image","twitter_misc":{"Verfasst von":"Michelle Breitenfeld","Gesch\u00e4tzte Lesezeit":"12\u00a0Minuten"},"schema":{"@context":"https:\/\/schema.org","@graph":[{"@type":"Article","@id":"https:\/\/www.ehorses.de\/magazin\/nesselfieber-pferd\/#article","isPartOf":{"@id":"https:\/\/www.ehorses.de\/magazin\/nesselfieber-pferd\/"},"author":{"name":"Michelle Breitenfeld","@id":"https:\/\/www.ehorses.de\/magazin\/#\/schema\/person\/ad08037b444745a402f0adaff6abc3be"},"headline":"Nesselfieber beim Pferd","datePublished":"2022-06-26T14:53:04+00:00","dateModified":"2022-07-01T11:37:51+00:00","mainEntityOfPage":{"@id":"https:\/\/www.ehorses.de\/magazin\/nesselfieber-pferd\/"},"wordCount":2037,"commentCount":0,"image":{"@id":"https:\/\/www.ehorses.de\/magazin\/nesselfieber-pferd\/#primaryimage"},"thumbnailUrl":"https:\/\/www.ehorses.de\/magazin\/wp-content\/uploads\/Nesselfieber-Pferd.jpg","articleSection":["Gesundheit","Pferdewissen"],"inLanguage":"de","potentialAction":[{"@type":"CommentAction","name":"Comment","target":["https:\/\/www.ehorses.de\/magazin\/nesselfieber-pferd\/#respond"]}]},{"@type":"WebPage","@id":"https:\/\/www.ehorses.de\/magazin\/nesselfieber-pferd\/","url":"https:\/\/www.ehorses.de\/magazin\/nesselfieber-pferd\/","name":"Nesselfieber beim Pferd - ehorses Magazin","isPartOf":{"@id":"https:\/\/www.ehorses.de\/magazin\/#website"},"primaryImageOfPage":{"@id":"https:\/\/www.ehorses.de\/magazin\/nesselfieber-pferd\/#primaryimage"},"image":{"@id":"https:\/\/www.ehorses.de\/magazin\/nesselfieber-pferd\/#primaryimage"},"thumbnailUrl":"https:\/\/www.ehorses.de\/magazin\/wp-content\/uploads\/Nesselfieber-Pferd.jpg","datePublished":"2022-06-26T14:53:04+00:00","dateModified":"2022-07-01T11:37:51+00:00","author":{"@id":"https:\/\/www.ehorses.de\/magazin\/#\/schema\/person\/ad08037b444745a402f0adaff6abc3be"},"description":"Nesselfieber beim Pferd - Symptome \u2714 Ursachen \u2714 Diagnose \u2714 Behandlung \u2714 Mehr erfahren im ehorses Magazin \u25b6","breadcrumb":{"@id":"https:\/\/www.ehorses.de\/magazin\/nesselfieber-pferd\/#breadcrumb"},"inLanguage":"de","potentialAction":[{"@type":"ReadAction","target":["https:\/\/www.ehorses.de\/magazin\/nesselfieber-pferd\/"]}]},{"@type":"ImageObject","inLanguage":"de","@id":"https:\/\/www.ehorses.de\/magazin\/nesselfieber-pferd\/#primaryimage","url":"https:\/\/www.ehorses.de\/magazin\/wp-content\/uploads\/Nesselfieber-Pferd.jpg","contentUrl":"https:\/\/www.ehorses.de\/magazin\/wp-content\/uploads\/Nesselfieber-Pferd.jpg","width":780,"height":520,"caption":"Nesselfieber Pferd: Pferd im Freien."},{"@type":"BreadcrumbList","@id":"https:\/\/www.ehorses.de\/magazin\/nesselfieber-pferd\/#breadcrumb","itemListElement":[{"@type":"ListItem","position":1,"name":"Startseite","item":"https:\/\/www.ehorses.de\/magazin\/"},{"@type":"ListItem","position":2,"name":"Nesselfieber beim Pferd"}]},{"@type":"WebSite","@id":"https:\/\/www.ehorses.de\/magazin\/#website","url":"https:\/\/www.ehorses.de\/magazin\/","name":"ehorses Magazin","description":"","potentialAction":[{"@type":"SearchAction","target":{"@type":"EntryPoint","urlTemplate":"https:\/\/www.ehorses.de\/magazin\/?s={search_term_string}"},"query-input":{"@type":"PropertyValueSpecification","valueRequired":true,"valueName":"search_term_string"}}],"inLanguage":"de"},{"@type":"Person","@id":"https:\/\/www.ehorses.de\/magazin\/#\/schema\/person\/ad08037b444745a402f0adaff6abc3be","name":"Michelle Breitenfeld","image":{"@type":"ImageObject","inLanguage":"de","@id":"https:\/\/www.ehorses.de\/magazin\/wp-content\/uploads\/MichelleBreitenfeld-Kopie-96x96.jpg","url":"https:\/\/www.ehorses.de\/magazin\/wp-content\/uploads\/MichelleBreitenfeld-Kopie-96x96.jpg","contentUrl":"https:\/\/www.ehorses.de\/magazin\/wp-content\/uploads\/MichelleBreitenfeld-Kopie-96x96.jpg","caption":"Michelle Breitenfeld"},"description":"Michelle Breitenfeld arbeitet nach Ihrem Studium im Bereich Medienwirtschaft und Journalismus im Marketing f\u00fcr ehorses. Als Expertin f\u00fcr Pferde bekommst Du von ihr exklusive Branchen-News und Ratgeber Themen rund ums Thema Pferd. Du kannst sie unter m.breitenfeld@ehorses.de erreichen.","url":"https:\/\/www.ehorses.de\/magazin\/author\/michelle-breitenfeld\/"}]}},"_links":{"self":[{"href":"https:\/\/www.ehorses.de\/magazin\/wp-json\/wp\/v2\/posts\/52315","targetHints":{"allow":["GET"]}}],"collection":[{"href":"https:\/\/www.ehorses.de\/magazin\/wp-json\/wp\/v2\/posts"}],"about":[{"href":"https:\/\/www.ehorses.de\/magazin\/wp-json\/wp\/v2\/types\/post"}],"author":[{"embeddable":true,"href":"https:\/\/www.ehorses.de\/magazin\/wp-json\/wp\/v2\/users\/129"}],"replies":[{"embeddable":true,"href":"https:\/\/www.ehorses.de\/magazin\/wp-json\/wp\/v2\/comments?post=52315"}],"version-history":[{"count":0,"href":"https:\/\/www.ehorses.de\/magazin\/wp-json\/wp\/v2\/posts\/52315\/revisions"}],"wp:featuredmedia":[{"embeddable":true,"href":"https:\/\/www.ehorses.de\/magazin\/wp-json\/wp\/v2\/media\/52320"}],"wp:attachment":[{"href":"https:\/\/www.ehorses.de\/magazin\/wp-json\/wp\/v2\/media?parent=52315"}],"wp:term":[{"taxonomy":"category","embeddable":true,"href":"https:\/\/www.ehorses.de\/magazin\/wp-json\/wp\/v2\/categories?post=52315"},{"taxonomy":"post_tag","embeddable":true,"href":"https:\/\/www.ehorses.de\/magazin\/wp-json\/wp\/v2\/tags?post=52315"}],"curies":[{"name":"wp","href":"https:\/\/api.w.org\/{rel}","templated":true}]}}